{"id":31616,"date":"2022-09-13T11:25:48","date_gmt":"2022-09-13T16:25:48","guid":{"rendered":"https:\/\/encuentroinformativo.com.mx\/?p=31616"},"modified":"2022-09-13T11:25:51","modified_gmt":"2022-09-13T16:25:51","slug":"redistritacion-no-es-afectacion-afirma-consejero-del-ine","status":"publish","type":"post","link":"https:\/\/encuentroinformativo.com.mx\/?p=31616","title":{"rendered":"Redistritaci\u00f3n no es afectaci\u00f3n, afirma consejero del INE"},"content":{"rendered":"\n<p><strong>Alejandro \u00c1vila<\/strong><\/p>\n\n\n\n<p>Veracruz, Ver.- La redistritaciones electorales en M\u00e9xico no son una afectaci\u00f3n, asegur\u00f3 el Consejero Electoral, Jos\u00e9 Roberto Ruiz Salda\u00f1a, pues afirm\u00f3, todo tiene que ver con modelos matem\u00e1ticos.<\/p>\n\n\n\n<p>En el caso de Veracruz, qui\u00e9n inminentemente perder\u00e1 un Distrito Federal, se debe a que no ha crecido la poblaci\u00f3n veracruzana, por lo que deber\u00e1n agrupar a m\u00e1s municipios en el Estado.<\/p>\n\n\n\n<p>&#8220;No coincidimos con quienes se\u00f1alan que el INE est\u00e1 haciendo un trabajo con orientaci\u00f3n partidista, eso es falso, nosotros ocupamos o trabajamos con los datos que arroj\u00f3 el Censo Nacional de Poblaci\u00f3n en 2020, trabajamos con la informaci\u00f3n que nos ofrece la instituci\u00f3n encargada de los asuntos ind\u00edgenas en el pa\u00eds, y trabajamos con modelos matem\u00e1ticos. Entonces tenemos que buscar que sean el menor n\u00famero de municipios fraccionados entre distritos, es decir, que no suceda que un mismo municipio se fraccione para irse cada parte a ciertos distritos, hay que tratar de mantener la opacidad municipal, y tambi\u00e9n hay que cuidar mucho el tema de la distancias, las v\u00edas de comunicaci\u00f3n para poder decidir cu\u00e1l ser\u00eda un porque nosotros necesitamos todas esas facilidades para organizar las elecciones&#8221;, puntualiz\u00f3.<\/p>\n\n\n\n<p>Ruiz Salda\u00f1a aclar\u00f3 que, son cerca de 7 variables las que tienen que revisar los Consejeros Electorales del INE, y el modelo matem\u00e1tico dice cu\u00e1l es el ideal, a partir de todas esas variables.<\/p>\n\n\n\n<p>&#8220;No dir\u00eda yo que los cr\u00edticos tienen raz\u00f3n, es un trabajo t\u00e9cnico, y vamos a estar entregando buenas cuentas tambi\u00e9n en materia de redistritaci\u00f3n, a m\u00e1s tardar a finales de este a\u00f1o, qu\u00e9 se concluir\u00e1n las de todo el pa\u00eds&#8221;, remat\u00f3.<\/p>\n\n\n\n<p>Jos\u00e9 Roberto Ruiz Salda\u00f1a dijo que en el caso de Veracruz, a\u00fan no es definitivo que el distrito que desaparezca sea el de Papantla, aunque apunt\u00f3 que los partidos pol\u00edticos pueden hacer propuestas e incluso hacer un consenso entre todos para definir la redistritaci\u00f3n.<\/p>\n\n\n\n<p>Finalmente dijo que Veracruz se encuentra en el sexto bloque, ya que urg\u00eda trabajar con otros estados en cuanto a su redistritaci\u00f3n.<\/p>\n\n\n\n<p>&#8220;Como por ejemplo Estado de M\u00e9xico y Coahuila, qu\u00e9 tiene sus elecciones, pues ya el 1 de enero comienza sus procesos electorales locales. Entonces como Veracruz no tiene ahorita proceso se fue el sexto bloque&#8221;, culmin\u00f3.<\/p>\n","protected":false},"excerpt":{"rendered":"<p>Alejandro \u00c1vila Veracruz, Ver.- La redistritaciones electorales en M\u00e9xico no son una afectaci\u00f3n, asegur\u00f3 el Consejero Electoral, Jos\u00e9 Roberto Ruiz Salda\u00f1a, pues afirm\u00f3, todo tiene que ver con modelos matem\u00e1ticos. En el caso de Veracruz, qui\u00e9n inminentemente perder\u00e1 un Distrito Federal, se debe a que no ha crecido la poblaci\u00f3n veracruzana, por lo que deber\u00e1n [&hellip;]<\/p>\n","protected":false},"author":1,"featured_media":31617,"comment_status":"open","ping_status":"open","sticky":false,"template":"","format":"standard","meta":{"_jetpack_memberships_contains_paid_content":false,"footnotes":""},"categories":[2],"tags":[],"class_list":["post-31616","post","type-post","status-publish","format-standard","has-post-thumbnail","hentry","category-estado"],"jetpack_featured_media_url":"https:\/\/encuentroinformativo.com.mx\/wp-content\/uploads\/2022\/09\/6A22866F-C8E6-4C28-90A1-781B6B83820B.jpeg","jetpack_sharing_enabled":true,"jetpack_likes_enabled":true,"amp_enabled":true,"_links":{"self":[{"href":"https:\/\/encuentroinformativo.com.mx\/index.php?rest_route=\/wp\/v2\/posts\/31616","targetHints":{"allow":["GET"]}}],"collection":[{"href":"https:\/\/encuentroinformativo.com.mx\/index.php?rest_route=\/wp\/v2\/posts"}],"about":[{"href":"https:\/\/encuentroinformativo.com.mx\/index.php?rest_route=\/wp\/v2\/types\/post"}],"author":[{"embeddable":true,"href":"https:\/\/encuentroinformativo.com.mx\/index.php?rest_route=\/wp\/v2\/users\/1"}],"replies":[{"embeddable":true,"href":"https:\/\/encuentroinformativo.com.mx\/index.php?rest_route=%2Fwp%2Fv2%2Fcomments&post=31616"}],"version-history":[{"count":1,"href":"https:\/\/encuentroinformativo.com.mx\/index.php?rest_route=\/wp\/v2\/posts\/31616\/revisions"}],"predecessor-version":[{"id":31618,"href":"https:\/\/encuentroinformativo.com.mx\/index.php?rest_route=\/wp\/v2\/posts\/31616\/revisions\/31618"}],"wp:featuredmedia":[{"embeddable":true,"href":"https:\/\/encuentroinformativo.com.mx\/index.php?rest_route=\/wp\/v2\/media\/31617"}],"wp:attachment":[{"href":"https:\/\/encuentroinformativo.com.mx\/index.php?rest_route=%2Fwp%2Fv2%2Fmedia&parent=31616"}],"wp:term":[{"taxonomy":"category","embeddable":true,"href":"https:\/\/encuentroinformativo.com.mx\/index.php?rest_route=%2Fwp%2Fv2%2Fcategories&post=31616"},{"taxonomy":"post_tag","embeddable":true,"href":"https:\/\/encuentroinformativo.com.mx\/index.php?rest_route=%2Fwp%2Fv2%2Ftags&post=31616"}],"curies":[{"name":"wp","href":"https:\/\/api.w.org\/{rel}","templated":true}]}}