{"id":31619,"date":"2022-09-13T11:33:29","date_gmt":"2022-09-13T16:33:29","guid":{"rendered":"https:\/\/encuentroinformativo.com.mx\/?p=31619"},"modified":"2022-09-13T11:33:33","modified_gmt":"2022-09-13T16:33:33","slug":"por-allanamiento-y-robo-presento-denuncias-ante-fiscalia-jose-sierra","status":"publish","type":"post","link":"https:\/\/encuentroinformativo.com.mx\/?p=31619","title":{"rendered":"Por allanamiento y robo, present\u00f3 denuncias ante Fiscal\u00eda Jos\u00e9 Sierra"},"content":{"rendered":"\n<p><strong>Alejandro \u00c1vila<\/strong><\/p>\n\n\n\n<p>Veracruz, Ver.- Juan Jos\u00e9 Sierra \u00c1lvarez, Vicepresidente Nacional de COPARMEX, present\u00f3 este lunes por la tarde ante la Fiscal\u00eda General del Estado (FGE), una denuncia formal por allanamiento de morada, robo en grado de tentativa y lo que resulte por los hechos ocurridos en su vivienda el pasado 10 de septiembre de 2022.<\/p>\n\n\n\n<p>De acuerdo con lo expresado por el expresidente del Centro Empresarial Coparmex en Veracruz, los hechos quedaron consignados en la carpeta de investigaci\u00f3n No. BCR\/DXVII\/F2\/1388\/2022.<\/p>\n\n\n\n<p>Revel\u00f3 que el s\u00e1bado 10 de septiembre a plena luz del d\u00eda, varios sujetos encapuchados destruyeron parte del sistema de alarma y vigilancia de su casa, para despu\u00e9s introducirse en el inmueble ubicado en el municipio de Boca del R\u00edo, registrar las habitaciones y causar destrozos.&nbsp;<\/p>\n\n\n\n<p>Detall\u00f3 que tal como qued\u00f3 asentado en la denuncia presentada ante el Fiscal Segundo, resulta extra\u00f1o que los presuntos delincuentes, despu\u00e9s de generar los da\u00f1os al inmueble y permanecer en \u00e9l por un periodo considerable de tiempo, \u00fanicamente sustrajeron un control de acceso al estacionamiento, lo que es por dem\u00e1s inusual.&nbsp;&nbsp;<\/p>\n\n\n\n<p>&nbsp;\u201cHasta el momento son los da\u00f1os que ocasionaron para entrar y salir, los da\u00f1os de las alarmas y el robo \u00fanicamente del control de apertura y cierre del estacionamiento. Eso nos extra\u00f1a e inquieta. Me parece un acto que atenta contra la tranquilidad y la integridad f\u00edsica de mi familia y de los empresarios y as\u00ed lo manifest\u00e9 en mi denuncia\u201d, mencion\u00f3.<\/p>\n\n\n\n<p>Sierra \u00c1lvarez insisti\u00f3 en la necesidad de que a nivel estatal y federal exista una verdadera estrategia de seguridad que coordine a las autoridades y a los cuerpos de polic\u00eda municipal, estatal y federal \u201cuna estrategia que atienda los or\u00edgenes de la inseguridad, que ponga especial atenci\u00f3n en la prevenci\u00f3n y que sancione a los delincuentes\u201d.<\/p>\n\n\n\n<p>Record\u00f3 que, a nivel nacional, de acuerdo con informaci\u00f3n del Secretariado Ejecutivo del Sistema Nacional de Seguridad P\u00fablica (SESNSP) dada a conocer en el reporte de Incidencia Delictiva del Fuero Com\u00fan, de enero a julio de este a\u00f1o, se han registrado un mill\u00f3n 246 mil 566 delitos de este tipo, mientras que, en Veracruz, la cifra total de estos actos, supera los 50 mil 662 casos.&nbsp;<\/p>\n","protected":false},"excerpt":{"rendered":"<p>Alejandro \u00c1vila Veracruz, Ver.- Juan Jos\u00e9 Sierra \u00c1lvarez, Vicepresidente Nacional de COPARMEX, present\u00f3 este lunes por la tarde ante la Fiscal\u00eda General del Estado (FGE), una denuncia formal por allanamiento de morada, robo en grado de tentativa y lo que resulte por los hechos ocurridos en su vivienda el pasado 10 de septiembre de 2022. [&hellip;]<\/p>\n","protected":false},"author":1,"featured_media":31620,"comment_status":"open","ping_status":"open","sticky":false,"template":"","format":"standard","meta":{"_jetpack_memberships_contains_paid_content":false,"footnotes":""},"categories":[14],"tags":[],"class_list":["post-31619","post","type-post","status-publish","format-standard","has-post-thumbnail","hentry","category-policiaca"],"jetpack_featured_media_url":"https:\/\/encuentroinformativo.com.mx\/wp-content\/uploads\/2022\/09\/98F3FF98-EE62-46D3-8D70-9E4CF2704A95.jpeg","jetpack_sharing_enabled":true,"jetpack_likes_enabled":true,"amp_enabled":true,"_links":{"self":[{"href":"https:\/\/encuentroinformativo.com.mx\/index.php?rest_route=\/wp\/v2\/posts\/31619","targetHints":{"allow":["GET"]}}],"collection":[{"href":"https:\/\/encuentroinformativo.com.mx\/index.php?rest_route=\/wp\/v2\/posts"}],"about":[{"href":"https:\/\/encuentroinformativo.com.mx\/index.php?rest_route=\/wp\/v2\/types\/post"}],"author":[{"embeddable":true,"href":"https:\/\/encuentroinformativo.com.mx\/index.php?rest_route=\/wp\/v2\/users\/1"}],"replies":[{"embeddable":true,"href":"https:\/\/encuentroinformativo.com.mx\/index.php?rest_route=%2Fwp%2Fv2%2Fcomments&post=31619"}],"version-history":[{"count":1,"href":"https:\/\/encuentroinformativo.com.mx\/index.php?rest_route=\/wp\/v2\/posts\/31619\/revisions"}],"predecessor-version":[{"id":31621,"href":"https:\/\/encuentroinformativo.com.mx\/index.php?rest_route=\/wp\/v2\/posts\/31619\/revisions\/31621"}],"wp:featuredmedia":[{"embeddable":true,"href":"https:\/\/encuentroinformativo.com.mx\/index.php?rest_route=\/wp\/v2\/media\/31620"}],"wp:attachment":[{"href":"https:\/\/encuentroinformativo.com.mx\/index.php?rest_route=%2Fwp%2Fv2%2Fmedia&parent=31619"}],"wp:term":[{"taxonomy":"category","embeddable":true,"href":"https:\/\/encuentroinformativo.com.mx\/index.php?rest_route=%2Fwp%2Fv2%2Fcategories&post=31619"},{"taxonomy":"post_tag","embeddable":true,"href":"https:\/\/encuentroinformativo.com.mx\/index.php?rest_route=%2Fwp%2Fv2%2Ftags&post=31619"}],"curies":[{"name":"wp","href":"https:\/\/api.w.org\/{rel}","templated":true}]}}