{"id":31628,"date":"2022-09-13T14:38:13","date_gmt":"2022-09-13T19:38:13","guid":{"rendered":"https:\/\/encuentroinformativo.com.mx\/?p=31628"},"modified":"2022-09-13T14:38:16","modified_gmt":"2022-09-13T19:38:16","slug":"pobladores-toman-ayuntamiento-de-manlio-fabio","status":"publish","type":"post","link":"https:\/\/encuentroinformativo.com.mx\/?p=31628","title":{"rendered":"Pobladores toman Ayuntamiento de Manlio Fabio"},"content":{"rendered":"\n<p><strong>Alejandro \u00c1vila<\/strong><\/p>\n\n\n\n<p>Manlio Fabio Altamirano, Ver.- Desde la 1 de la madrugada de este martes 13 de septiembre, pobladores del municipio Manlio Fabio Altamirano, tambi\u00e9n conocido como &#8220;Purga&#8221;, tomaron el Palacio exigiendo explicaciones por la pr\u00f3xima colocaci\u00f3n de medidores de agua.<\/p>\n\n\n\n<p>Jorge Fern\u00e1ndez, vocero de la Comitiva de Ciudadanos acus\u00f3 que la alcaldesa, Ana Lilia Arrieta Guti\u00e9rrez, no les ha querido dar la cara para explicarles el motivo por el cual colocar\u00e1n medidores en los domicilios.<\/p>\n\n\n\n<p>Los quejosos mencionaron que, en dos ocasiones anteriores ya hab\u00edan acudido al Ayuntamiento a solicitar explicaci\u00f3n.<\/p>\n\n\n\n<p>&#8220;La primera vez el S\u00edndico nos trat\u00f3 como verduleros ignorantes, dicho por \u00e9l mismo, y la segunda vez, la alcaldesa no quiso hablar, se meti\u00f3 y cerr\u00f3 las puertas del Ayuntamiento, desde las 11 de la ma\u00f1ana hasta las 4 de la tarde, y dejaron de dar servicio, y todos los ediles estaban encerrados adentro&#8221;.<\/p>\n\n\n\n<p>Jorge Fern\u00e1ndez mencion\u00f3 que la colocaci\u00f3n de medidores de agua les afectar\u00e1 en su econom\u00eda, sobre todo a las personas que se dedican al campo, ya que son los que viven al d\u00eda, y el pagar mensualmente una alta cantidad por consumo de agua, les afectar\u00e1 incluso para alimentarse.<\/p>\n\n\n\n<p>&#8220;Creo que eso lo estamos viviendo en Veracruz y Boca del R\u00edo, las tarifas aumentan, y nosotros consideramos que malio Fabio Altamirano, Purga, no es un pueblo desarrollado para tener este tipo de obras (\u2026) s\u00ed, al parecer la mayor\u00eda del pueblo, obviamente hay personas que no lo pagan, pero eso ya lo tiene que regular el Ayuntamiento, las personas que no pagan agua deben ir las a visitar, mandarles un aviso o mandarlos a traer del Ayuntamiento, para decirle cu\u00e1nto deben de agua y poder pagar, y de ah\u00ed tener para mantener las obras, hasta la fecha lleva 8 meses la se\u00f1ora en su gest\u00f3n y no ha hecho absolutamente nada&#8221;, reclam\u00f3.<\/p>\n\n\n\n<p>A la fecha, detallaron, los pobladores de Manlio Fabio Altamirano pagan anualmente un estimado de 850 pesos por el servicio del agua potable.<\/p>\n\n\n\n<p>&#8220;Aqu\u00ed nos vamos a mantener hasta que venga la alcaldesa o el Gobierno del Estado (\u2026) tambi\u00e9n estamos pidiendo el apoyo por parte del diputado local, Magdaleno Rosales (\u2026) llegaron los trabajadores del Ayuntamiento, se quedaron viendo nada m\u00e1s, y despu\u00e9s se retiraron al ver que estaba tomado el Ayuntamiento (\u2026) si no se atiende todav\u00eda vamos a estar aqu\u00ed, y en caso de que el 15 por la ma\u00f1ana no nos de una respuesta, pues nos vamos a ir a otras instancias&#8221;, arremeti\u00f3.<\/p>\n","protected":false},"excerpt":{"rendered":"<p>Alejandro \u00c1vila Manlio Fabio Altamirano, Ver.- Desde la 1 de la madrugada de este martes 13 de septiembre, pobladores del municipio Manlio Fabio Altamirano, tambi\u00e9n conocido como &#8220;Purga&#8221;, tomaron el Palacio exigiendo explicaciones por la pr\u00f3xima colocaci\u00f3n de medidores de agua. Jorge Fern\u00e1ndez, vocero de la Comitiva de Ciudadanos acus\u00f3 que la alcaldesa, Ana Lilia [&hellip;]<\/p>\n","protected":false},"author":1,"featured_media":31629,"comment_status":"open","ping_status":"open","sticky":false,"template":"","format":"standard","meta":{"_jetpack_memberships_contains_paid_content":false,"footnotes":""},"categories":[2],"tags":[],"class_list":["post-31628","post","type-post","status-publish","format-standard","has-post-thumbnail","hentry","category-estado"],"jetpack_featured_media_url":"https:\/\/encuentroinformativo.com.mx\/wp-content\/uploads\/2022\/09\/B34A29C6-C046-4429-AB25-4239586F137C.jpeg","jetpack_sharing_enabled":true,"jetpack_likes_enabled":true,"amp_enabled":true,"_links":{"self":[{"href":"https:\/\/encuentroinformativo.com.mx\/index.php?rest_route=\/wp\/v2\/posts\/31628","targetHints":{"allow":["GET"]}}],"collection":[{"href":"https:\/\/encuentroinformativo.com.mx\/index.php?rest_route=\/wp\/v2\/posts"}],"about":[{"href":"https:\/\/encuentroinformativo.com.mx\/index.php?rest_route=\/wp\/v2\/types\/post"}],"author":[{"embeddable":true,"href":"https:\/\/encuentroinformativo.com.mx\/index.php?rest_route=\/wp\/v2\/users\/1"}],"replies":[{"embeddable":true,"href":"https:\/\/encuentroinformativo.com.mx\/index.php?rest_route=%2Fwp%2Fv2%2Fcomments&post=31628"}],"version-history":[{"count":1,"href":"https:\/\/encuentroinformativo.com.mx\/index.php?rest_route=\/wp\/v2\/posts\/31628\/revisions"}],"predecessor-version":[{"id":31630,"href":"https:\/\/encuentroinformativo.com.mx\/index.php?rest_route=\/wp\/v2\/posts\/31628\/revisions\/31630"}],"wp:featuredmedia":[{"embeddable":true,"href":"https:\/\/encuentroinformativo.com.mx\/index.php?rest_route=\/wp\/v2\/media\/31629"}],"wp:attachment":[{"href":"https:\/\/encuentroinformativo.com.mx\/index.php?rest_route=%2Fwp%2Fv2%2Fmedia&parent=31628"}],"wp:term":[{"taxonomy":"category","embeddable":true,"href":"https:\/\/encuentroinformativo.com.mx\/index.php?rest_route=%2Fwp%2Fv2%2Fcategories&post=31628"},{"taxonomy":"post_tag","embeddable":true,"href":"https:\/\/encuentroinformativo.com.mx\/index.php?rest_route=%2Fwp%2Fv2%2Ftags&post=31628"}],"curies":[{"name":"wp","href":"https:\/\/api.w.org\/{rel}","templated":true}]}}