{"id":3163,"date":"2020-06-08T00:38:16","date_gmt":"2020-06-08T05:38:16","guid":{"rendered":"https:\/\/encuentroinformativo.com\/?p=3163"},"modified":"2020-06-08T00:38:18","modified_gmt":"2020-06-08T05:38:18","slug":"en-48-horas-suman-mas-de-200-contagios-de-covid-19","status":"publish","type":"post","link":"https:\/\/encuentroinformativo.com.mx\/?p=3163","title":{"rendered":"En 48 horas, suman m\u00e1s de 200 contagios de Covid-19"},"content":{"rendered":"\n<p><strong>Juan Arcos <\/strong><\/p>\n\n\n\n<p>Xalapa, Ver.- La cifra de casos positivos de Covid-19 se elev\u00f3 a 5 mil 133 en 144 municipios de la entidad veracruzana.<\/p>\n\n\n\n<p>Se trata de 127 nuevos casos contabilizados en las \u00faltimas 24 horas.<\/p>\n\n\n\n<p>La noche del s\u00e1bado, la Secretar\u00eda de Salud dio a conocer que se reportaron 5 mil 6 casos positivos acumulados en 144 demarcaciones.<\/p>\n\n\n\n<p>Un d\u00eda antes, la jefa de Epidemiolog\u00eda, Dulce Mar\u00eda Espejo Guevara, hab\u00eda revelado 4 mil 875 casos positivos en 143 demarcaciones.<\/p>\n\n\n\n<p>Por lo tanto, en las \u00faltimas 48 horas, ocurrieron 238 contagios del SARS-CoV-2.<\/p>\n\n\n\n<p>Hasta el momento se reportan 2 mil 845 pacientes recuperados, mil 517 en vigilancia y 727 activos.<\/p>\n\n\n\n<p>En Veracruz han sido estudiados 10 mil 496 casos, de los cuales 3 mil 793 resultaron negativos.<\/p>\n\n\n\n<p>Los municipios con m\u00e1s casos positivos son: Veracruz con 1 mil 939, Coatzacoalcos con 569, Poza Rica con 405, Boca del R\u00edo con 224, Minatitl\u00e1n con 221, C\u00f3rdoba con 128, Tuxpan con 120, Xalapa con 107, Cosoleacaque con 87, Medell\u00edn con 84, Orizaba con 78 y Papantla con 73 casos.<\/p>\n\n\n\n<p>Las autoridades tambi\u00e9n reportan 771 defunciones en 90 municipios: Veracruz 249, Coatzacoalcos 108, Poza Rica 77, Minatitl\u00e1n 41, Boca del R\u00edo 21, Papantla y Tihuatl\u00e1n 16, Cosoleacaque 15, Medell\u00edn y Nanchital 12, Xalapa 11 y Coatzintla 10.<\/p>\n\n\n\n<p>Existen mil 570 casos sospechosos en 112 municipios: Veracruz 511, Coatzacoalcos 148, C\u00f3rdoba 77, Boca del R\u00edo 70, Minatitl\u00e1n 63, Xalapa 60, Poza Rica 48, Tuxpan 42, Orizaba 33 y Fort\u00edn y San Andr\u00e9s Tuxtla 29.<\/p>\n\n\n\n<p>Por su parte, el secretario de Salud, Roberto Ramos Alor, explic\u00f3 que las enfermedades respiratorias como la influenza o los coronavirus SARS y MERS son causadas por microorganismos que previamente no hab\u00edan infectado a las personas, pues generalmente enfermaban a animales.<\/p>\n\n\n\n<p>\u201cCuando se rompe esta barrera y se infecta a un humano es un virus altamente probable de causa una pandemia, en realidad cuando un humano puede infectar a otros, es decir, hay transmisi\u00f3n comunitaria, eso quiere decir que tienen potencial pand\u00e9mico\u201d.<\/p>\n\n\n\n<p>Detall\u00f3 que la influenza, misma que lleva cientos de a\u00f1os entre la poblaci\u00f3n, podr\u00eda cambiar o mutar y convertirse en un virus nuevo.<\/p>\n\n\n\n<p>\u201cPero generalmente circula de manera muy intensa en invierno y esto se conoce como circulaci\u00f3n estacional, circula intensamente en la poblaci\u00f3n de octubre a marzo de cada a\u00f1o, aunque de abril a septiembre sigue habiendo casos pero con menor intensidad, por eso vacunamos cada a\u00f1o contra la influenza, para prevenir que enfermen por estos nuevos virus\u201d.<\/p>\n\n\n\n<p>Sin embargo, resalt\u00f3 que despu\u00e9s de esta pandemia por Covid-19 no ser\u00e1 posible regresar a la normalidad, pues habr\u00e1 una \u201cnueva normalidad\u201d donde sean modificadas las reglas sociales.<\/p>\n\n\n\n<p>\u201cTendremos que adoptar nuevos comportamientos en las escuelas, en las reuniones, en los centros de trabajo, en los espacios p\u00fablicos, ser\u00e1n nuevos c\u00f3digos de sanidad, donde tendremos que procurar la higiene de manos y reducir al m\u00e1ximo el contacto entre las personas. Esto ser\u00e1 un proceso de adaptaci\u00f3n para todos\u201d, finaliz\u00f3 el funcionario estatal.<br><\/p>\n\n\n\n<p><\/p>\n","protected":false},"excerpt":{"rendered":"<p>Juan Arcos Xalapa, Ver.- La cifra de casos positivos de Covid-19 se elev\u00f3 a 5 mil 133 en 144 municipios de la entidad veracruzana. Se trata de 127 nuevos casos contabilizados en las \u00faltimas 24 horas. La noche del s\u00e1bado, la Secretar\u00eda de Salud dio a conocer que se reportaron 5 mil 6 casos positivos [&hellip;]<\/p>\n","protected":false},"author":1,"featured_media":3164,"comment_status":"open","ping_status":"open","sticky":false,"template":"","format":"standard","meta":{"_jetpack_memberships_contains_paid_content":false,"footnotes":""},"categories":[2],"tags":[],"class_list":["post-3163","post","type-post","status-publish","format-standard","has-post-thumbnail","hentry","category-estado"],"jetpack_featured_media_url":"https:\/\/encuentroinformativo.com.mx\/wp-content\/uploads\/2020\/06\/0C69641A-A250-48B8-A841-502156D32B4C.png","jetpack_sharing_enabled":true,"jetpack_likes_enabled":true,"amp_enabled":true,"_links":{"self":[{"href":"https:\/\/encuentroinformativo.com.mx\/index.php?rest_route=\/wp\/v2\/posts\/3163","targetHints":{"allow":["GET"]}}],"collection":[{"href":"https:\/\/encuentroinformativo.com.mx\/index.php?rest_route=\/wp\/v2\/posts"}],"about":[{"href":"https:\/\/encuentroinformativo.com.mx\/index.php?rest_route=\/wp\/v2\/types\/post"}],"author":[{"embeddable":true,"href":"https:\/\/encuentroinformativo.com.mx\/index.php?rest_route=\/wp\/v2\/users\/1"}],"replies":[{"embeddable":true,"href":"https:\/\/encuentroinformativo.com.mx\/index.php?rest_route=%2Fwp%2Fv2%2Fcomments&post=3163"}],"version-history":[{"count":1,"href":"https:\/\/encuentroinformativo.com.mx\/index.php?rest_route=\/wp\/v2\/posts\/3163\/revisions"}],"predecessor-version":[{"id":3165,"href":"https:\/\/encuentroinformativo.com.mx\/index.php?rest_route=\/wp\/v2\/posts\/3163\/revisions\/3165"}],"wp:featuredmedia":[{"embeddable":true,"href":"https:\/\/encuentroinformativo.com.mx\/index.php?rest_route=\/wp\/v2\/media\/3164"}],"wp:attachment":[{"href":"https:\/\/encuentroinformativo.com.mx\/index.php?rest_route=%2Fwp%2Fv2%2Fmedia&parent=3163"}],"wp:term":[{"taxonomy":"category","embeddable":true,"href":"https:\/\/encuentroinformativo.com.mx\/index.php?rest_route=%2Fwp%2Fv2%2Fcategories&post=3163"},{"taxonomy":"post_tag","embeddable":true,"href":"https:\/\/encuentroinformativo.com.mx\/index.php?rest_route=%2Fwp%2Fv2%2Ftags&post=3163"}],"curies":[{"name":"wp","href":"https:\/\/api.w.org\/{rel}","templated":true}]}}