{"id":31632,"date":"2022-09-13T15:17:47","date_gmt":"2022-09-13T20:17:47","guid":{"rendered":"https:\/\/encuentroinformativo.com.mx\/?p=31632"},"modified":"2022-09-13T15:17:51","modified_gmt":"2022-09-13T20:17:51","slug":"minimizan-violencia-en-orizaba-no-es-foco-rojo-gobernador","status":"publish","type":"post","link":"https:\/\/encuentroinformativo.com.mx\/?p=31632","title":{"rendered":"Minimizan violencia en Orizaba, no es foco rojo: Gobernador"},"content":{"rendered":"\n<p><strong>Dar\u00edo Pale <\/strong><\/p>\n\n\n\n<p>Xalapa, Ver.- El municipio de Orizaba no es un punto rojo, adem\u00e1s de que no hubo ninguna situaci\u00f3n de riego mayor para la gente, esto tras el enfrentamiento entre presuntos delincuentes y fuerzas del orden, que se registr\u00f3 la tarde de este lunes, as\u00ed lo inform\u00f3 el gobernador del estado Cuitl\u00e1huac Garc\u00eda Jim\u00e9nez.<\/p>\n\n\n\n<p>En entrevista a su llegada a la fortaleza de San Carlos se\u00f1al\u00f3 que en este momento ya est\u00e1 todo controlado y no hay ning\u00fan riesgo para la gente de Orizaba.<\/p>\n\n\n\n<p>Sostuvo que los ciudadanos fueron protegidos bien, no se les puso en riesgo y se\u00f1al\u00f3 que los disparos s\u00f3lo salieron de un solo punto y se protegieron los alrededores en coordinaci\u00f3n con la Guardia Nacional y la Sedena.<\/p>\n\n\n\n<p>No perdi\u00f3 la oportunidad de mencionar que &#8220;politiqueros&#8221; trataron de hacer crecer el evento de manera medi\u00e1tica.<\/p>\n\n\n\n<p>Dijo que se trat\u00f3 de un intento del grupo delincuencial de meter miedo cuando se vieron acorralados, afirm\u00f3 que los disparos no fueron en toda la ciudad, fueron &#8220;confinados&#8221;.<\/p>\n\n\n\n<p>&#8220;El grupo delictivo al verse, uno de sus integrantes acorralado, intent\u00f3 hacer algunos eventos de disuaci\u00f3n, pero no tuvieron \u00e9xito, ni siquiera lo lograron&#8221;, se\u00f1al\u00f3.<\/p>\n\n\n\n<p>El Mandatario mencion\u00f3 que cuando los presuntos delincuentes intentaron incendiar una gasolinera, fueron detectados y fue ah\u00ed que desistieron de esa acci\u00f3n y otras que pretend\u00edan, adem\u00e1s de que el incendio en la gasoliner\u00eda fue controlado, pero se dieron a la fuga.<\/p>\n\n\n\n<p>&#8220;Medi\u00e1ticamente este grupo quiere intentar hacer este tipo de cosas para crear temor, pero no lo logran. Hay una coordinaci\u00f3n excelente entre los tres \u00f3rdenes de gobierno y pudimos detener esta intenci\u00f3n medi\u00e1tica que ten\u00edan. Ya est\u00e1n las actividades normales&#8221;, coment\u00f3.<\/p>\n\n\n\n<p>Agradeci\u00f3 la coordinaci\u00f3n con la Guardia Nacional con el mando de la Secretar\u00eda de la Defensa Nacional, con lo que se demuestra que el pasar la Guardia Nacional a la Sedena, es acertado.<\/p>\n\n\n\n<p>El titular del Ejecutivo expuso que los detenidos y el abatido pertenecen a la banda de El Momo, &#8220;no tenemos pactos con los delincuentes y por eso los tenemos a raya y no van a poder contra un gobierno que tiene como prioridad la atenci\u00f3n a la poblaci\u00f3n&#8221;.<\/p>\n\n\n\n<p>Garc\u00eda Jim\u00e9nez explic\u00f3 que El Momo opera para el C\u00e1rtel Jalisco Nueva Generaci\u00f3n y trae disputas contra otras bandas, pero insisti\u00f3 en que como en su administraci\u00f3n no hay pactos &#8220;se topan con pared&#8221;.<\/p>\n\n\n\n<p>&#8220;No tienen mayor efecto lo que intentaron, algunos medios quisieron hacer un esc\u00e1ndalo de lo que realmente no fue porque logramos controlar la situaci\u00f3n muy a tiempo, sin afectaci\u00f3n a la poblaci\u00f3n&#8221;, asegur\u00f3.<\/p>\n\n\n\n<p>Puntualiz\u00f3 que el asunto ya queda en manos de las fiscal\u00edas General del Estado y General de la Rep\u00fablica por la comisi\u00f3n de delitos federales y del fuero com\u00fan.<\/p>\n\n\n\n<p>Insisti\u00f3 en que los gobiernos anteriores dejaron crecer a los grupos delictivos y hoy los est\u00e1n enfrentando con \u00e9xito.<\/p>\n\n\n\n<p>Finalmente se\u00f1al\u00f3 que, &#8220;vamos a mantener el mismo operativo que hemos mantenido en todas las regiones. Pueden estar tranquilos, el Alcalde ya lo mencion\u00f3 y teniendo como virtud el atender de inmediato y priorizar a la poblaci\u00f3n, se logra esto que se hizo, cosa que no sucedi\u00f3 en otros estados cuando intentaron hacer lo mismo&#8221;, destac\u00f3 y cit\u00f3 como ejemplo a Ciudad Ju\u00e1rez, Guanajuato o Jalisco.<\/p>\n","protected":false},"excerpt":{"rendered":"<p>Dar\u00edo Pale Xalapa, Ver.- El municipio de Orizaba no es un punto rojo, adem\u00e1s de que no hubo ninguna situaci\u00f3n de riego mayor para la gente, esto tras el enfrentamiento entre presuntos delincuentes y fuerzas del orden, que se registr\u00f3 la tarde de este lunes, as\u00ed lo inform\u00f3 el gobernador del estado Cuitl\u00e1huac Garc\u00eda Jim\u00e9nez. [&hellip;]<\/p>\n","protected":false},"author":1,"featured_media":31633,"comment_status":"open","ping_status":"open","sticky":false,"template":"","format":"standard","meta":{"_jetpack_memberships_contains_paid_content":false,"footnotes":""},"categories":[2],"tags":[],"class_list":["post-31632","post","type-post","status-publish","format-standard","has-post-thumbnail","hentry","category-estado"],"jetpack_featured_media_url":"https:\/\/encuentroinformativo.com.mx\/wp-content\/uploads\/2022\/09\/887D86A0-1E68-411C-8DB5-CDE4E5FF69EB.jpeg","jetpack_sharing_enabled":true,"jetpack_likes_enabled":true,"amp_enabled":true,"_links":{"self":[{"href":"https:\/\/encuentroinformativo.com.mx\/index.php?rest_route=\/wp\/v2\/posts\/31632","targetHints":{"allow":["GET"]}}],"collection":[{"href":"https:\/\/encuentroinformativo.com.mx\/index.php?rest_route=\/wp\/v2\/posts"}],"about":[{"href":"https:\/\/encuentroinformativo.com.mx\/index.php?rest_route=\/wp\/v2\/types\/post"}],"author":[{"embeddable":true,"href":"https:\/\/encuentroinformativo.com.mx\/index.php?rest_route=\/wp\/v2\/users\/1"}],"replies":[{"embeddable":true,"href":"https:\/\/encuentroinformativo.com.mx\/index.php?rest_route=%2Fwp%2Fv2%2Fcomments&post=31632"}],"version-history":[{"count":1,"href":"https:\/\/encuentroinformativo.com.mx\/index.php?rest_route=\/wp\/v2\/posts\/31632\/revisions"}],"predecessor-version":[{"id":31634,"href":"https:\/\/encuentroinformativo.com.mx\/index.php?rest_route=\/wp\/v2\/posts\/31632\/revisions\/31634"}],"wp:featuredmedia":[{"embeddable":true,"href":"https:\/\/encuentroinformativo.com.mx\/index.php?rest_route=\/wp\/v2\/media\/31633"}],"wp:attachment":[{"href":"https:\/\/encuentroinformativo.com.mx\/index.php?rest_route=%2Fwp%2Fv2%2Fmedia&parent=31632"}],"wp:term":[{"taxonomy":"category","embeddable":true,"href":"https:\/\/encuentroinformativo.com.mx\/index.php?rest_route=%2Fwp%2Fv2%2Fcategories&post=31632"},{"taxonomy":"post_tag","embeddable":true,"href":"https:\/\/encuentroinformativo.com.mx\/index.php?rest_route=%2Fwp%2Fv2%2Ftags&post=31632"}],"curies":[{"name":"wp","href":"https:\/\/api.w.org\/{rel}","templated":true}]}}