{"id":31640,"date":"2022-09-14T12:47:15","date_gmt":"2022-09-14T17:47:15","guid":{"rendered":"https:\/\/encuentroinformativo.com.mx\/?p=31640"},"modified":"2022-09-14T12:47:19","modified_gmt":"2022-09-14T17:47:19","slug":"se-esperan-resultados-del-consejo-estatal-de-discapacidad-diputada","status":"publish","type":"post","link":"https:\/\/encuentroinformativo.com.mx\/?p=31640","title":{"rendered":"Se esperan resultados del consejo estatal de discapacidad: Diputada"},"content":{"rendered":"\n<p><strong>Dar\u00edo Pale <\/strong><\/p>\n\n\n\n<p>Xalapa, Ver.- La diputada local y coordinadora del grupo legislativo del PRI, Anil\u00fa Ingram Vallines dio a conocer que en Veracruz existen un mill\u00f3n y medio de personas con alguna discapacidad y a pesar de que se han logrado avances falta mucho por hacer.<\/p>\n\n\n\n<p>En entrevista se\u00f1al\u00f3 que el d\u00eda de ayer tom\u00f3 protesta el Consejo Estatal de Discapacidad el cual hace unos meses en el congreso del estado lanz\u00f3 una convocatoria para que se registraran todas las personas que quisieran formar arte del consejo.<\/p>\n\n\n\n<p>Se registraron 25 personas que han apoyado a personas con discapacidad, estos fueron entrevistados de forma p\u00fablica y donde de eligieron a 7 personas despu\u00e9s de analizar los perfiles de cada uno de los participantes.<\/p>\n\n\n\n<p>En la categor\u00eda de discapacidad f\u00edsica qued\u00f3 al frente el licenciado Jacob Zayas Garc\u00eda \u00a0y el contador Jos\u00e9 Arturo Acosta Hern\u00e1ndez, en discapacidad sensorial visual qued\u00f3 la licenciada Sarah\u00ed Landa Campos, en discapacidad auditiva qued\u00f3 Amigzaday Sastre Ramos, en discapacidad intelectual Teresita de Jes\u00fas Hern\u00e1ndez y como representante de la sociedad civil Alejandra Ramzahuer Villa.<\/p>\n\n\n\n<p>Esperan que sea un \u00f3rgano de liberaci\u00f3n, de acompa\u00f1amiento, pero tambi\u00e9n que se lleven a cabo pol\u00edticas p\u00fablicas que realmente sirvan en beneficio de las personas con discapacidad y que se generen acciones importantes a su favor.<\/p>\n\n\n\n<p>Inform\u00f3 que en el Estado m\u00e1s de un mill\u00f3n y medio de personas padecen una discapacidad, pese a que se han dado algunos avances en este tema falta mucho por hacer y el consejo sesionar\u00e1 de manera peri\u00f3dica para que se pongan las propuestas en la mesa, se analicen pero lo m\u00e1s importante es que se lleven a cabo.<\/p>\n\n\n\n<p>Hay temas fundamentales como lo es la accesibilidad tanto en instituciones p\u00fablicas como privadas, adem\u00e1s de que es una de las propuestas de las reformas que han hecho los grupos con discapacidad, ya que no es &#8220;sacar de la manga&#8221; las respuestas o las iniciativas de reforma.<\/p>\n\n\n\n<p>Coment\u00f3 que les ha solicitado foros para que puedan ser escuchados los cuales esperan programar en poco tiempo, y para que cada quien haga la parte que le corresponde.<\/p>\n\n\n\n<p>Finalmente coment\u00f3 que hay mucho trabajo que hacer &#8220;es importante que exista el piso parejo sobre todo que se garanticen sus derechos \u00a0que en lo que respecta al legislativo hagamos lo propio hay toda la apertura, hay toda la disposici\u00f3n desde la comisi\u00f3n y el legislativo en general para poderlo llevar a cabo&#8221;.<\/p>\n","protected":false},"excerpt":{"rendered":"<p>Dar\u00edo Pale Xalapa, Ver.- La diputada local y coordinadora del grupo legislativo del PRI, Anil\u00fa Ingram Vallines dio a conocer que en Veracruz existen un mill\u00f3n y medio de personas con alguna discapacidad y a pesar de que se han logrado avances falta mucho por hacer. En entrevista se\u00f1al\u00f3 que el d\u00eda de ayer tom\u00f3 [&hellip;]<\/p>\n","protected":false},"author":1,"featured_media":31641,"comment_status":"open","ping_status":"open","sticky":false,"template":"","format":"standard","meta":{"_jetpack_memberships_contains_paid_content":false,"footnotes":""},"categories":[2],"tags":[],"class_list":["post-31640","post","type-post","status-publish","format-standard","has-post-thumbnail","hentry","category-estado"],"jetpack_featured_media_url":"https:\/\/encuentroinformativo.com.mx\/wp-content\/uploads\/2022\/09\/6A451666-5FB9-43E8-9E13-6555F65F7B9D.jpeg","jetpack_sharing_enabled":true,"jetpack_likes_enabled":true,"amp_enabled":true,"_links":{"self":[{"href":"https:\/\/encuentroinformativo.com.mx\/index.php?rest_route=\/wp\/v2\/posts\/31640","targetHints":{"allow":["GET"]}}],"collection":[{"href":"https:\/\/encuentroinformativo.com.mx\/index.php?rest_route=\/wp\/v2\/posts"}],"about":[{"href":"https:\/\/encuentroinformativo.com.mx\/index.php?rest_route=\/wp\/v2\/types\/post"}],"author":[{"embeddable":true,"href":"https:\/\/encuentroinformativo.com.mx\/index.php?rest_route=\/wp\/v2\/users\/1"}],"replies":[{"embeddable":true,"href":"https:\/\/encuentroinformativo.com.mx\/index.php?rest_route=%2Fwp%2Fv2%2Fcomments&post=31640"}],"version-history":[{"count":1,"href":"https:\/\/encuentroinformativo.com.mx\/index.php?rest_route=\/wp\/v2\/posts\/31640\/revisions"}],"predecessor-version":[{"id":31642,"href":"https:\/\/encuentroinformativo.com.mx\/index.php?rest_route=\/wp\/v2\/posts\/31640\/revisions\/31642"}],"wp:featuredmedia":[{"embeddable":true,"href":"https:\/\/encuentroinformativo.com.mx\/index.php?rest_route=\/wp\/v2\/media\/31641"}],"wp:attachment":[{"href":"https:\/\/encuentroinformativo.com.mx\/index.php?rest_route=%2Fwp%2Fv2%2Fmedia&parent=31640"}],"wp:term":[{"taxonomy":"category","embeddable":true,"href":"https:\/\/encuentroinformativo.com.mx\/index.php?rest_route=%2Fwp%2Fv2%2Fcategories&post=31640"},{"taxonomy":"post_tag","embeddable":true,"href":"https:\/\/encuentroinformativo.com.mx\/index.php?rest_route=%2Fwp%2Fv2%2Ftags&post=31640"}],"curies":[{"name":"wp","href":"https:\/\/api.w.org\/{rel}","templated":true}]}}