{"id":31648,"date":"2022-09-14T13:18:29","date_gmt":"2022-09-14T18:18:29","guid":{"rendered":"https:\/\/encuentroinformativo.com.mx\/?p=31648"},"modified":"2022-09-14T13:18:35","modified_gmt":"2022-09-14T18:18:35","slug":"ante-polemica-de-parquimetros-anuncian-encuesta-regidores-de-morena","status":"publish","type":"post","link":"https:\/\/encuentroinformativo.com.mx\/?p=31648","title":{"rendered":"Ante pol\u00e9mica de parqu\u00edmetros, anuncian encuesta regidores de Morena"},"content":{"rendered":"\n<p><strong>Alejandro \u00c1vila<\/strong><\/p>\n\n\n\n<p>Veracruz, Ver.- Los regidores del partido Morena en el municipio de Veracruz, aseguraron que har\u00e1n una encuesta ciudadana sobre la percepci\u00f3n que tiene la gente de los parqu\u00edmetros.<\/p>\n\n\n\n<p>Daniel Mart\u00edn Lois dijo que, este mi\u00e9rcoles se aprobara en Cabildo que no se le renueve la concesi\u00f3n de parqu\u00edmetros a la empresa Zeus; aunque previo a aceptar que el Ayuntamiento pudiera manejar los estacion\u00f3metros, realizar\u00e1n una encuesta ciudadana, misma que debe culminar antes de que termine el mes de octubre.<\/p>\n\n\n\n<p>&#8220;Vamos a ser realistas, este Ayuntamiento no se rige por mucha transparencia, no tiene fama de transparente, llevamos 9 meses exigiendo cuentas cada mes m\u00e1s claras y nunca hemos tenido respuesta. Entonces a nosotros no nos dar\u00eda tranquilidad el que el Ayuntamiento, sin previa unos candados del manejo del recurso, lo manejaran, se volver\u00eda a una caja chica y nos preocupar\u00eda mucho&#8221;, apunt\u00f3.<\/p>\n\n\n\n<p>El tambi\u00e9n empresario aclar\u00f3 qu\u00e9, en caso de qu\u00e9 el Ayuntamiento se haga responsable de los parqu\u00edmetros, esta decisi\u00f3n no tendr\u00eda que ser aprobada por el Congreso de Veracruz, \u00fanicamente corresponder\u00eda aceptarla al Cabildo porte\u00f1o.<\/p>\n\n\n\n<p>Finalmente reconoci\u00f3 que, como comerciante, los parqu\u00edmetros han dado movilidad al Centro Hist\u00f3rico de Veracruz, y justo por ello, ahora muchos de sus visitantes encuentran espacios para estacionarse.<\/p>\n","protected":false},"excerpt":{"rendered":"<p>Alejandro \u00c1vila Veracruz, Ver.- Los regidores del partido Morena en el municipio de Veracruz, aseguraron que har\u00e1n una encuesta ciudadana sobre la percepci\u00f3n que tiene la gente de los parqu\u00edmetros. Daniel Mart\u00edn Lois dijo que, este mi\u00e9rcoles se aprobara en Cabildo que no se le renueve la concesi\u00f3n de parqu\u00edmetros a la empresa Zeus; aunque [&hellip;]<\/p>\n","protected":false},"author":1,"featured_media":31649,"comment_status":"open","ping_status":"open","sticky":false,"template":"","format":"standard","meta":{"_jetpack_memberships_contains_paid_content":false,"footnotes":""},"categories":[2],"tags":[],"class_list":["post-31648","post","type-post","status-publish","format-standard","has-post-thumbnail","hentry","category-estado"],"jetpack_featured_media_url":"https:\/\/encuentroinformativo.com.mx\/wp-content\/uploads\/2022\/09\/56ABA6B5-BA3A-4141-92E2-D9C0CC91DD77.jpeg","jetpack_sharing_enabled":true,"jetpack_likes_enabled":true,"amp_enabled":true,"_links":{"self":[{"href":"https:\/\/encuentroinformativo.com.mx\/index.php?rest_route=\/wp\/v2\/posts\/31648","targetHints":{"allow":["GET"]}}],"collection":[{"href":"https:\/\/encuentroinformativo.com.mx\/index.php?rest_route=\/wp\/v2\/posts"}],"about":[{"href":"https:\/\/encuentroinformativo.com.mx\/index.php?rest_route=\/wp\/v2\/types\/post"}],"author":[{"embeddable":true,"href":"https:\/\/encuentroinformativo.com.mx\/index.php?rest_route=\/wp\/v2\/users\/1"}],"replies":[{"embeddable":true,"href":"https:\/\/encuentroinformativo.com.mx\/index.php?rest_route=%2Fwp%2Fv2%2Fcomments&post=31648"}],"version-history":[{"count":1,"href":"https:\/\/encuentroinformativo.com.mx\/index.php?rest_route=\/wp\/v2\/posts\/31648\/revisions"}],"predecessor-version":[{"id":31650,"href":"https:\/\/encuentroinformativo.com.mx\/index.php?rest_route=\/wp\/v2\/posts\/31648\/revisions\/31650"}],"wp:featuredmedia":[{"embeddable":true,"href":"https:\/\/encuentroinformativo.com.mx\/index.php?rest_route=\/wp\/v2\/media\/31649"}],"wp:attachment":[{"href":"https:\/\/encuentroinformativo.com.mx\/index.php?rest_route=%2Fwp%2Fv2%2Fmedia&parent=31648"}],"wp:term":[{"taxonomy":"category","embeddable":true,"href":"https:\/\/encuentroinformativo.com.mx\/index.php?rest_route=%2Fwp%2Fv2%2Fcategories&post=31648"},{"taxonomy":"post_tag","embeddable":true,"href":"https:\/\/encuentroinformativo.com.mx\/index.php?rest_route=%2Fwp%2Fv2%2Ftags&post=31648"}],"curies":[{"name":"wp","href":"https:\/\/api.w.org\/{rel}","templated":true}]}}