{"id":31651,"date":"2022-09-14T13:42:00","date_gmt":"2022-09-14T18:42:00","guid":{"rendered":"https:\/\/encuentroinformativo.com.mx\/?p=31651"},"modified":"2022-09-14T13:42:04","modified_gmt":"2022-09-14T18:42:04","slug":"reclaman-docentes-para-escuela-de-naolinco","status":"publish","type":"post","link":"https:\/\/encuentroinformativo.com.mx\/?p=31651","title":{"rendered":"Reclaman docentes para escuela de Naolinco"},"content":{"rendered":"\n<p><strong>Juan Arcos<\/strong><\/p>\n\n\n\n<p>Xalapa, Ver.- Un grupo de padres de familia de la escuela secundaria general \u201cGuadalupe Victoria\u201d protest\u00f3 y bloque\u00f3 la carretera Banderilla-Misantla para exigir la asignaci\u00f3n de docentes.<\/p>\n\n\n\n<p>El bloqueo inici\u00f3 a las siete de la ma\u00f1ana a la altura del puente Agua Santa, justo en la entrada del municipio de Naolinco, donde se gener\u00f3 un gran caos vial.<\/p>\n\n\n\n<p>El plantel se encuentra en Naolinco, donde los quejosos impidieron la entrada y salida al pueblo para presionar a las autoridades educativas.<\/p>\n\n\n\n<p>Las personas reclamaron que algunos grupos de la escuela carecen de profesores y esta situaci\u00f3n afecta gravemente a los estudiantes.<\/p>\n\n\n\n<p>La gente insisti\u00f3 a las autoridades educativas que realicen los nombramientos de los docentes para que se atiendan las necesidades de los alumnos.<\/p>\n\n\n\n<p>Sobre el puente colocaron pancartas para exigir el di\u00e1logo con autoridades de la SEV, en busca que sea atendida la problem\u00e1tica.<\/p>\n\n\n\n<p>Alrededor de las 11:30 horas arrib\u00f3 personal de la dependencia estatal mencionada para llegar a acuerdos con los inconformes.<\/p>\n\n\n\n<p>Despu\u00e9s de un breve di\u00e1logo, los padres de familia decidieron liberar la v\u00eda de comunicaci\u00f3n, en espera de que sean cumplidos los compromisos.<\/p>\n","protected":false},"excerpt":{"rendered":"<p>Juan Arcos Xalapa, Ver.- Un grupo de padres de familia de la escuela secundaria general \u201cGuadalupe Victoria\u201d protest\u00f3 y bloque\u00f3 la carretera Banderilla-Misantla para exigir la asignaci\u00f3n de docentes. El bloqueo inici\u00f3 a las siete de la ma\u00f1ana a la altura del puente Agua Santa, justo en la entrada del municipio de Naolinco, donde se [&hellip;]<\/p>\n","protected":false},"author":1,"featured_media":31652,"comment_status":"open","ping_status":"open","sticky":false,"template":"","format":"standard","meta":{"_jetpack_memberships_contains_paid_content":false,"footnotes":""},"categories":[8],"tags":[],"class_list":["post-31651","post","type-post","status-publish","format-standard","has-post-thumbnail","hentry","category-region"],"jetpack_featured_media_url":"https:\/\/encuentroinformativo.com.mx\/wp-content\/uploads\/2022\/09\/350D15BA-CC10-4AA4-8AD7-5DE968E22C20.jpeg","jetpack_sharing_enabled":true,"jetpack_likes_enabled":true,"amp_enabled":true,"_links":{"self":[{"href":"https:\/\/encuentroinformativo.com.mx\/index.php?rest_route=\/wp\/v2\/posts\/31651","targetHints":{"allow":["GET"]}}],"collection":[{"href":"https:\/\/encuentroinformativo.com.mx\/index.php?rest_route=\/wp\/v2\/posts"}],"about":[{"href":"https:\/\/encuentroinformativo.com.mx\/index.php?rest_route=\/wp\/v2\/types\/post"}],"author":[{"embeddable":true,"href":"https:\/\/encuentroinformativo.com.mx\/index.php?rest_route=\/wp\/v2\/users\/1"}],"replies":[{"embeddable":true,"href":"https:\/\/encuentroinformativo.com.mx\/index.php?rest_route=%2Fwp%2Fv2%2Fcomments&post=31651"}],"version-history":[{"count":1,"href":"https:\/\/encuentroinformativo.com.mx\/index.php?rest_route=\/wp\/v2\/posts\/31651\/revisions"}],"predecessor-version":[{"id":31653,"href":"https:\/\/encuentroinformativo.com.mx\/index.php?rest_route=\/wp\/v2\/posts\/31651\/revisions\/31653"}],"wp:featuredmedia":[{"embeddable":true,"href":"https:\/\/encuentroinformativo.com.mx\/index.php?rest_route=\/wp\/v2\/media\/31652"}],"wp:attachment":[{"href":"https:\/\/encuentroinformativo.com.mx\/index.php?rest_route=%2Fwp%2Fv2%2Fmedia&parent=31651"}],"wp:term":[{"taxonomy":"category","embeddable":true,"href":"https:\/\/encuentroinformativo.com.mx\/index.php?rest_route=%2Fwp%2Fv2%2Fcategories&post=31651"},{"taxonomy":"post_tag","embeddable":true,"href":"https:\/\/encuentroinformativo.com.mx\/index.php?rest_route=%2Fwp%2Fv2%2Ftags&post=31651"}],"curies":[{"name":"wp","href":"https:\/\/api.w.org\/{rel}","templated":true}]}}