{"id":31658,"date":"2022-09-14T14:31:10","date_gmt":"2022-09-14T19:31:10","guid":{"rendered":"https:\/\/encuentroinformativo.com.mx\/?p=31658"},"modified":"2022-09-14T14:31:14","modified_gmt":"2022-09-14T19:31:14","slug":"no-se-permitiran-abusos-de-parquimetros-afirma-alcaldesa","status":"publish","type":"post","link":"https:\/\/encuentroinformativo.com.mx\/?p=31658","title":{"rendered":"No se permitir\u00e1n abusos de parqu\u00edmetros, afirma alcaldesa"},"content":{"rendered":"\n<p><strong>Alejandro \u00c1vila<\/strong><\/p>\n\n\n\n<p>Veracruz, Ver.- La alcaldesa de Veracruz, Patricia Lobeira Rodr\u00edguez se\u00f1al\u00f3 que de continuar los parqu\u00edmetros en la ciudad, bajo el esquema que apruebe el Cabildo, la prioridad ser\u00e1 que no existan m\u00e1s abusos hacia la ciudadan\u00eda.<\/p>\n\n\n\n<p>La presidenta municipal dijo que, lo \u00fanico seguro, es que el pr\u00f3ximo 9 de noviembre se acaba la concesi\u00f3n de de 15 a\u00f1os de la empresa Zeus, y est\u00e1 no s\u00e9 renovar\u00e1.<\/p>\n\n\n\n<p>&#8220;Es para nosotros algo fundamental, que ya no haya abusos para la ciudadan\u00eda que utiliza este servicio, y sobre todo que haya un mejor trato, nosotros estamos analizando, y cualquiera de las formas en que se queden los parqu\u00edmetros, definitivamente lo que s\u00ed estar\u00edamos muy pendientes y muy al tanto, es de que hubiera un mejor servicio y que no hubiera abusos a la poblaci\u00f3n&#8221;, asest\u00f3.<\/p>\n\n\n\n<p>Lobeira Rodr\u00edguez dijo que la empresa Zeus cuenta con alrededor de 300 empleados, y se analizar\u00eda si estos renovar su contrato o ser\u00edan liquidados.<\/p>\n\n\n\n<p>Finalmente la edil panista dijo que esta decisi\u00f3n es \u00fanica y exclusivamente del Cabildo de Veracruz, y nada tiene que ver el Congreso del Estado.<\/p>\n","protected":false},"excerpt":{"rendered":"<p>Alejandro \u00c1vila Veracruz, Ver.- La alcaldesa de Veracruz, Patricia Lobeira Rodr\u00edguez se\u00f1al\u00f3 que de continuar los parqu\u00edmetros en la ciudad, bajo el esquema que apruebe el Cabildo, la prioridad ser\u00e1 que no existan m\u00e1s abusos hacia la ciudadan\u00eda. La presidenta municipal dijo que, lo \u00fanico seguro, es que el pr\u00f3ximo 9 de noviembre se acaba [&hellip;]<\/p>\n","protected":false},"author":1,"featured_media":31659,"comment_status":"open","ping_status":"open","sticky":false,"template":"","format":"standard","meta":{"_jetpack_memberships_contains_paid_content":false,"footnotes":""},"categories":[2],"tags":[],"class_list":["post-31658","post","type-post","status-publish","format-standard","has-post-thumbnail","hentry","category-estado"],"jetpack_featured_media_url":"https:\/\/encuentroinformativo.com.mx\/wp-content\/uploads\/2022\/09\/B916BC98-6912-4122-919A-A73767510B65.jpeg","jetpack_sharing_enabled":true,"jetpack_likes_enabled":true,"amp_enabled":true,"_links":{"self":[{"href":"https:\/\/encuentroinformativo.com.mx\/index.php?rest_route=\/wp\/v2\/posts\/31658","targetHints":{"allow":["GET"]}}],"collection":[{"href":"https:\/\/encuentroinformativo.com.mx\/index.php?rest_route=\/wp\/v2\/posts"}],"about":[{"href":"https:\/\/encuentroinformativo.com.mx\/index.php?rest_route=\/wp\/v2\/types\/post"}],"author":[{"embeddable":true,"href":"https:\/\/encuentroinformativo.com.mx\/index.php?rest_route=\/wp\/v2\/users\/1"}],"replies":[{"embeddable":true,"href":"https:\/\/encuentroinformativo.com.mx\/index.php?rest_route=%2Fwp%2Fv2%2Fcomments&post=31658"}],"version-history":[{"count":1,"href":"https:\/\/encuentroinformativo.com.mx\/index.php?rest_route=\/wp\/v2\/posts\/31658\/revisions"}],"predecessor-version":[{"id":31660,"href":"https:\/\/encuentroinformativo.com.mx\/index.php?rest_route=\/wp\/v2\/posts\/31658\/revisions\/31660"}],"wp:featuredmedia":[{"embeddable":true,"href":"https:\/\/encuentroinformativo.com.mx\/index.php?rest_route=\/wp\/v2\/media\/31659"}],"wp:attachment":[{"href":"https:\/\/encuentroinformativo.com.mx\/index.php?rest_route=%2Fwp%2Fv2%2Fmedia&parent=31658"}],"wp:term":[{"taxonomy":"category","embeddable":true,"href":"https:\/\/encuentroinformativo.com.mx\/index.php?rest_route=%2Fwp%2Fv2%2Fcategories&post=31658"},{"taxonomy":"post_tag","embeddable":true,"href":"https:\/\/encuentroinformativo.com.mx\/index.php?rest_route=%2Fwp%2Fv2%2Ftags&post=31658"}],"curies":[{"name":"wp","href":"https:\/\/api.w.org\/{rel}","templated":true}]}}