{"id":31661,"date":"2022-09-14T14:33:56","date_gmt":"2022-09-14T19:33:56","guid":{"rendered":"https:\/\/encuentroinformativo.com.mx\/?p=31661"},"modified":"2022-09-14T14:33:59","modified_gmt":"2022-09-14T19:33:59","slug":"destinan-1-3-mdp-de-presupuesto-para-el-afrocaribeno-2022","status":"publish","type":"post","link":"https:\/\/encuentroinformativo.com.mx\/?p=31661","title":{"rendered":"Destinan 1.3 mdp de presupuesto para el Afrocaribe\u00f1o 2022"},"content":{"rendered":"\n<p><strong>Alejandro \u00c1vila<\/strong><\/p>\n\n\n\n<p>Veracruz, Ver.- Tan solo 1.3 millones de pesos se le destinar\u00e1n a la edici\u00f3n 26 del Festival Internacional Afrocaribe\u00f1o de Veracruz.<\/p>\n\n\n\n<p>A diferencia de otras ediciones d\u00f3nde se contaba con la presencia de artistas de talla internacional como: Eddie Palmieri, Tot\u00f3 La Momposina, Bomba Estereo, Cultura Prof\u00e9tica, entre otros; hoy, tanto gobierno federal como estatal, solo destinaron entre ambos, 1.3 millones de pesos para su realizaci\u00f3n.<\/p>\n\n\n\n<p>&#8220;Tenemos un presupuesto federal de 500 mil pesos, es del Festival PROFEST esta convocatoria, y estamos aportando alrededor de 800 mil pesos de Gobierno Estatal, adem\u00e1s de lo que est\u00e1n aportando los Ayuntamientos y otras cosas en especie&#8221;.<\/p>\n\n\n\n<p>La edici\u00f3n XXVI del Festival Internacional Afrocaribe\u00f1o de Veracruz, se llevar\u00e1 a cabo del 6 al 9 de octubre en la localidad de Mata Clara del municipio de Cuitl\u00e1huac, y en las sedes conocidas del municipio de Veracruz como, el Teatro de la Reforma, el Z\u00f3calo de la ciudad, el Centro Cultural &#8220;Atarazanas&#8221;, el ex convento Betlemita y los callejones municipales.<\/p>\n\n\n\n<p>La directora del Instituto Veracruzano de Cultura de Veracruz (IVEC), Silvia Alejandre Prado dio a conocer que, la medalla &#8220;Gonzalo Aguirre Beltr\u00e1n&#8221; ser\u00e1 entregada al director del Museo de Antropolog\u00eda de Xalapa (MAX), Alfredo Delgado Calder\u00f3n.<\/p>\n","protected":false},"excerpt":{"rendered":"<p>Alejandro \u00c1vila Veracruz, Ver.- Tan solo 1.3 millones de pesos se le destinar\u00e1n a la edici\u00f3n 26 del Festival Internacional Afrocaribe\u00f1o de Veracruz. A diferencia de otras ediciones d\u00f3nde se contaba con la presencia de artistas de talla internacional como: Eddie Palmieri, Tot\u00f3 La Momposina, Bomba Estereo, Cultura Prof\u00e9tica, entre otros; hoy, tanto gobierno federal [&hellip;]<\/p>\n","protected":false},"author":1,"featured_media":31662,"comment_status":"open","ping_status":"open","sticky":false,"template":"","format":"standard","meta":{"_jetpack_memberships_contains_paid_content":false,"footnotes":""},"categories":[2],"tags":[],"class_list":["post-31661","post","type-post","status-publish","format-standard","has-post-thumbnail","hentry","category-estado"],"jetpack_featured_media_url":"https:\/\/encuentroinformativo.com.mx\/wp-content\/uploads\/2022\/09\/8C7FD698-4959-427C-97C5-BB528B36BDB6.jpeg","jetpack_sharing_enabled":true,"jetpack_likes_enabled":true,"amp_enabled":true,"_links":{"self":[{"href":"https:\/\/encuentroinformativo.com.mx\/index.php?rest_route=\/wp\/v2\/posts\/31661","targetHints":{"allow":["GET"]}}],"collection":[{"href":"https:\/\/encuentroinformativo.com.mx\/index.php?rest_route=\/wp\/v2\/posts"}],"about":[{"href":"https:\/\/encuentroinformativo.com.mx\/index.php?rest_route=\/wp\/v2\/types\/post"}],"author":[{"embeddable":true,"href":"https:\/\/encuentroinformativo.com.mx\/index.php?rest_route=\/wp\/v2\/users\/1"}],"replies":[{"embeddable":true,"href":"https:\/\/encuentroinformativo.com.mx\/index.php?rest_route=%2Fwp%2Fv2%2Fcomments&post=31661"}],"version-history":[{"count":1,"href":"https:\/\/encuentroinformativo.com.mx\/index.php?rest_route=\/wp\/v2\/posts\/31661\/revisions"}],"predecessor-version":[{"id":31663,"href":"https:\/\/encuentroinformativo.com.mx\/index.php?rest_route=\/wp\/v2\/posts\/31661\/revisions\/31663"}],"wp:featuredmedia":[{"embeddable":true,"href":"https:\/\/encuentroinformativo.com.mx\/index.php?rest_route=\/wp\/v2\/media\/31662"}],"wp:attachment":[{"href":"https:\/\/encuentroinformativo.com.mx\/index.php?rest_route=%2Fwp%2Fv2%2Fmedia&parent=31661"}],"wp:term":[{"taxonomy":"category","embeddable":true,"href":"https:\/\/encuentroinformativo.com.mx\/index.php?rest_route=%2Fwp%2Fv2%2Fcategories&post=31661"},{"taxonomy":"post_tag","embeddable":true,"href":"https:\/\/encuentroinformativo.com.mx\/index.php?rest_route=%2Fwp%2Fv2%2Ftags&post=31661"}],"curies":[{"name":"wp","href":"https:\/\/api.w.org\/{rel}","templated":true}]}}