{"id":31670,"date":"2022-09-14T17:03:58","date_gmt":"2022-09-14T22:03:58","guid":{"rendered":"https:\/\/encuentroinformativo.com.mx\/?p=31670"},"modified":"2022-09-14T17:04:02","modified_gmt":"2022-09-14T22:04:02","slug":"protestan-docentes-de-contaduria-uv-realizan-paro-de-labores","status":"publish","type":"post","link":"https:\/\/encuentroinformativo.com.mx\/?p=31670","title":{"rendered":"Protestan docentes de Contadur\u00eda UV; realizan paro de labores"},"content":{"rendered":"\n<p><strong>Juan Arcos<\/strong><\/p>\n\n\n\n<p>Xalapa, Ver.- Docentes de la Facultad de Contaduria y Administraci\u00f3n de la Universidad Veracruzana (UV) pararon labores de manera indefinida este mi\u00e9rcoles 14 de septiembre, debido a descuentos que realizaron a sus salarios por presuntas inasistencias.<\/p>\n\n\n\n<p>Se trata de agremiados de la Federaci\u00f3n Estatal de Sindicatos y Asociaciones del Personal Acad\u00e9mico de la Universidad Veracruzana (Fesapauv), quienes abandonaron las aulas despu\u00e9s de las 13:00 horas, a modo de protesta.<\/p>\n\n\n\n<p>De acuerdo con el secretario seccional del Fesapauv en dicha facultad, Jos\u00e9 Vicente D\u00edaz Mart\u00ednez, con los descuentos se ha afectado econ\u00f3micamente a 150 profesores, de manera indebida.<\/p>\n\n\n\n<p>\u201cEste paro tiene como origen un problema relacionado con descuentos por supuestas inasistencias que no se dieron y otra serie de demandas\u201d, detall\u00f3.<\/p>\n\n\n\n<p>Los descuentos salariales comenzaron a aplicarse a partir del d\u00eda 1\u00ba de agosto, situaci\u00f3n que motiv\u00f3 a los docentes a emitir una serie de oficios al rector Mart\u00edn Aguilar S\u00e1nchez, sin obtener una respuesta favorable.<\/p>\n\n\n\n<p>El entrevistado mencion\u00f3 que tambi\u00e9n se han registrado otras violaciones al contrato colectivo de trabajo por parte de las autoridades de la m\u00e1xima casa de estudios del estado.<\/p>\n\n\n\n<p>A ra\u00edz de esta manifestaci\u00f3n, las autoridades universitarias entablaron una mesa de di\u00e1logo para dar seguimiento a las demandas sindicales, donde se espera una respuesta positiva.<\/p>\n\n\n\n<p>\u201cS\u00ed hay di\u00e1logo y tenemos la confianza en la sensibilidad de nuestras autoridad, en la empat\u00eda que puedan tener con nosotros los acad\u00e9micos\u201d, a\u00f1adi\u00f3 D\u00edaz Mart\u00ednez.<\/p>\n\n\n\n<figure class=\"wp-block-image size-large\"><img loading=\"lazy\" decoding=\"async\" width=\"1024\" height=\"768\" src=\"https:\/\/encuentroinformativo.com.mx\/wp-content\/uploads\/2022\/09\/06F34029-9F1E-4B67-B49C-06178B1C8254-1024x768.jpeg\" alt=\"\" class=\"wp-image-31672\" srcset=\"https:\/\/encuentroinformativo.com.mx\/wp-content\/uploads\/2022\/09\/06F34029-9F1E-4B67-B49C-06178B1C8254-1024x768.jpeg 1024w, https:\/\/encuentroinformativo.com.mx\/wp-content\/uploads\/2022\/09\/06F34029-9F1E-4B67-B49C-06178B1C8254-300x225.jpeg 300w, https:\/\/encuentroinformativo.com.mx\/wp-content\/uploads\/2022\/09\/06F34029-9F1E-4B67-B49C-06178B1C8254-768x576.jpeg 768w, https:\/\/encuentroinformativo.com.mx\/wp-content\/uploads\/2022\/09\/06F34029-9F1E-4B67-B49C-06178B1C8254-1536x1152.jpeg 1536w, https:\/\/encuentroinformativo.com.mx\/wp-content\/uploads\/2022\/09\/06F34029-9F1E-4B67-B49C-06178B1C8254.jpeg 2016w\" sizes=\"auto, (max-width: 1024px) 100vw, 1024px\" \/><\/figure>\n","protected":false},"excerpt":{"rendered":"<p>Juan Arcos Xalapa, Ver.- Docentes de la Facultad de Contaduria y Administraci\u00f3n de la Universidad Veracruzana (UV) pararon labores de manera indefinida este mi\u00e9rcoles 14 de septiembre, debido a descuentos que realizaron a sus salarios por presuntas inasistencias. Se trata de agremiados de la Federaci\u00f3n Estatal de Sindicatos y Asociaciones del Personal Acad\u00e9mico de la [&hellip;]<\/p>\n","protected":false},"author":1,"featured_media":31671,"comment_status":"open","ping_status":"open","sticky":false,"template":"","format":"standard","meta":{"_jetpack_memberships_contains_paid_content":false,"footnotes":""},"categories":[3],"tags":[],"class_list":["post-31670","post","type-post","status-publish","format-standard","has-post-thumbnail","hentry","category-xalapa"],"jetpack_featured_media_url":"https:\/\/encuentroinformativo.com.mx\/wp-content\/uploads\/2022\/09\/EB028CB5-3B98-409C-92D0-8DD38B4F426A.jpeg","jetpack_sharing_enabled":true,"jetpack_likes_enabled":true,"amp_enabled":true,"_links":{"self":[{"href":"https:\/\/encuentroinformativo.com.mx\/index.php?rest_route=\/wp\/v2\/posts\/31670","targetHints":{"allow":["GET"]}}],"collection":[{"href":"https:\/\/encuentroinformativo.com.mx\/index.php?rest_route=\/wp\/v2\/posts"}],"about":[{"href":"https:\/\/encuentroinformativo.com.mx\/index.php?rest_route=\/wp\/v2\/types\/post"}],"author":[{"embeddable":true,"href":"https:\/\/encuentroinformativo.com.mx\/index.php?rest_route=\/wp\/v2\/users\/1"}],"replies":[{"embeddable":true,"href":"https:\/\/encuentroinformativo.com.mx\/index.php?rest_route=%2Fwp%2Fv2%2Fcomments&post=31670"}],"version-history":[{"count":1,"href":"https:\/\/encuentroinformativo.com.mx\/index.php?rest_route=\/wp\/v2\/posts\/31670\/revisions"}],"predecessor-version":[{"id":31673,"href":"https:\/\/encuentroinformativo.com.mx\/index.php?rest_route=\/wp\/v2\/posts\/31670\/revisions\/31673"}],"wp:featuredmedia":[{"embeddable":true,"href":"https:\/\/encuentroinformativo.com.mx\/index.php?rest_route=\/wp\/v2\/media\/31671"}],"wp:attachment":[{"href":"https:\/\/encuentroinformativo.com.mx\/index.php?rest_route=%2Fwp%2Fv2%2Fmedia&parent=31670"}],"wp:term":[{"taxonomy":"category","embeddable":true,"href":"https:\/\/encuentroinformativo.com.mx\/index.php?rest_route=%2Fwp%2Fv2%2Fcategories&post=31670"},{"taxonomy":"post_tag","embeddable":true,"href":"https:\/\/encuentroinformativo.com.mx\/index.php?rest_route=%2Fwp%2Fv2%2Ftags&post=31670"}],"curies":[{"name":"wp","href":"https:\/\/api.w.org\/{rel}","templated":true}]}}