{"id":31675,"date":"2022-09-15T11:50:50","date_gmt":"2022-09-15T16:50:50","guid":{"rendered":"https:\/\/encuentroinformativo.com.mx\/?p=31675"},"modified":"2022-09-15T11:50:54","modified_gmt":"2022-09-15T16:50:54","slug":"orizabenos-preocupados","status":"publish","type":"post","link":"https:\/\/encuentroinformativo.com.mx\/?p=31675","title":{"rendered":"ORIZABE\u00d1OS, PREOCUPADOS"},"content":{"rendered":"\n<p><strong>Los Pol\u00edticos<\/strong><\/p>\n\n\n\n<p><strong>Salvador Mu\u00f1oz<\/strong><\/p>\n\n\n\n<p>Ha de disculpar el lector que retome de nuevo el tema de Orizaba, pero mis paisanos chayoteros est\u00e1n preocupados y no es para menos\u2026<\/p>\n\n\n\n<p>Su preocupaci\u00f3n ya no s\u00f3lo la concentran en la inseguridad, no exclusiva en la balacera del lunes porque es innegable que el crimen organizado o desorganizado, permea en la Pluviosilla, en Veracruz y en el Pa\u00eds, todos los d\u00edas del a\u00f1o, como si no se diera descanso.<\/p>\n\n\n\n<p>La preocupaci\u00f3n de mis paisanos estriba en dos conceptos simples:<\/p>\n\n\n\n<p>1.- Que tras este Lunes Negro que se vivi\u00f3, baje el turismo en la Pluviosilla, lo que de un modo u otro, repercute por todos lados, desde la tiendita, el puesto de garnachas, restaurantes, plazas, hasta los atractivos que ofrece la ciudad\u2026 \u00a1y recuerden que es Puente!<\/p>\n\n\n\n<p>2.- Aqu\u00ed, su preocupaci\u00f3n est\u00e1 en la insensibilidad de sus autoridades estatales y federales al tratar de minimizar las dos horas de \u201ctraka traka\u201d cuando en casa, esperaban con zozobra el arribo de sus familiares, de sus hijos, esposos o mujeres\u2026 se mezcla hacia Cuitl\u00e1huac y L\u00f3pez Obrador, un sentimiento de frustraci\u00f3n, desesperanza y vac\u00edo porque lo menos que se espera en momentos como \u00e9se, es el apapacho, el cobijo, el escuchar que las cosas van a estar mejor, pero no un \u201cno pas\u00f3 nada\u201d&#8230;<\/p>\n\n\n\n<p>A lo mejor no lo supieron Cuitl\u00e1huac y AMLO, pero muchos orizabe\u00f1os que de repente se encontraron en la refriega, tuvieron que atrincherarse en comercios que en un acto de solidaridad, los refugiaron por espacio de dos horas\u2026 quiz\u00e1s porque es mejor escuchar lo que les conviene y no a ese Pueblo al que tanto invocan\u2026 o acaso vio que se levantara la diputada local por Orizaba para hacer un pronunciamiento al respecto\u2026 \u00a1ah, perd\u00f3n! Si no sabe qui\u00e9n es, ac\u00e1 se lo pongo: Itzel L\u00f3pez L\u00f3pez\u2026 \u00bfpara qu\u00e9 va alzar la voz, si ya el Gober y el Pejedente con su enorme sapiencia, dijeron todo?<\/p>\n\n\n\n<p>Algo m\u00e1s que agregar: Estas autoridades morenas est\u00e1n tan ocupadas en tratar de minimizar la violencia, que hasta entre ellos se contradicen\u2026<\/p>\n\n\n\n<p>\u00bfRecuerdan que Cuitl\u00e1huac hab\u00eda anunciado la detenci\u00f3n de un miembro del C\u00e1rtel Jalisco Nueva Generaci\u00f3n de Alto Rango?<\/p>\n\n\n\n<p>Bueno, pues este mi\u00e9rcoles, Hugo Guti\u00e9rrez Maldonado, titular de Seguridad P\u00fablica, degradaba el \u201cAlto Rango\u201d del Momo\u2026 lo baj\u00f3 a delincuente de \u201cmedio pelo\u201d\u2026 \u00a1es m\u00e1s! Ni siquiera era del C\u00e1rtel Jalisco Nueva Generaci\u00f3n, sino que \u201chab\u00eda adquirido la franquicia\u201d, es decir, seg\u00fan Hugo, compr\u00f3 las camisas, las gorras, los chalecos, y ya usaba el nombre de ese c\u00e1rtel\u2026 en fin\u2026<\/p>\n\n\n\n<p>Ojal\u00e1 las preocupaciones de mis paisanos chayoteros s\u00f3lo queden en la frivolidad de Cuic y el Peje; que el Puente Patrio fluya en turismo, en fiesta y por supuesto, en derrama econ\u00f3mica\u2026 \u00a1servidos!<\/p>\n","protected":false},"excerpt":{"rendered":"<p>Los Pol\u00edticos Salvador Mu\u00f1oz Ha de disculpar el lector que retome de nuevo el tema de Orizaba, pero mis paisanos chayoteros est\u00e1n preocupados y no es para menos\u2026 Su preocupaci\u00f3n ya no s\u00f3lo la concentran en la inseguridad, no exclusiva en la balacera del lunes porque es innegable que el crimen organizado o desorganizado, permea [&hellip;]<\/p>\n","protected":false},"author":1,"featured_media":387,"comment_status":"open","ping_status":"open","sticky":false,"template":"","format":"standard","meta":{"_jetpack_memberships_contains_paid_content":false,"footnotes":""},"categories":[11],"tags":[],"class_list":["post-31675","post","type-post","status-publish","format-standard","has-post-thumbnail","hentry","category-opinion"],"jetpack_featured_media_url":"https:\/\/encuentroinformativo.com.mx\/wp-content\/uploads\/2020\/03\/7CF8A22B-2764-47BE-8F7F-38FE9E5D6A2F.jpeg","jetpack_sharing_enabled":true,"jetpack_likes_enabled":true,"amp_enabled":true,"_links":{"self":[{"href":"https:\/\/encuentroinformativo.com.mx\/index.php?rest_route=\/wp\/v2\/posts\/31675","targetHints":{"allow":["GET"]}}],"collection":[{"href":"https:\/\/encuentroinformativo.com.mx\/index.php?rest_route=\/wp\/v2\/posts"}],"about":[{"href":"https:\/\/encuentroinformativo.com.mx\/index.php?rest_route=\/wp\/v2\/types\/post"}],"author":[{"embeddable":true,"href":"https:\/\/encuentroinformativo.com.mx\/index.php?rest_route=\/wp\/v2\/users\/1"}],"replies":[{"embeddable":true,"href":"https:\/\/encuentroinformativo.com.mx\/index.php?rest_route=%2Fwp%2Fv2%2Fcomments&post=31675"}],"version-history":[{"count":1,"href":"https:\/\/encuentroinformativo.com.mx\/index.php?rest_route=\/wp\/v2\/posts\/31675\/revisions"}],"predecessor-version":[{"id":31676,"href":"https:\/\/encuentroinformativo.com.mx\/index.php?rest_route=\/wp\/v2\/posts\/31675\/revisions\/31676"}],"wp:featuredmedia":[{"embeddable":true,"href":"https:\/\/encuentroinformativo.com.mx\/index.php?rest_route=\/wp\/v2\/media\/387"}],"wp:attachment":[{"href":"https:\/\/encuentroinformativo.com.mx\/index.php?rest_route=%2Fwp%2Fv2%2Fmedia&parent=31675"}],"wp:term":[{"taxonomy":"category","embeddable":true,"href":"https:\/\/encuentroinformativo.com.mx\/index.php?rest_route=%2Fwp%2Fv2%2Fcategories&post=31675"},{"taxonomy":"post_tag","embeddable":true,"href":"https:\/\/encuentroinformativo.com.mx\/index.php?rest_route=%2Fwp%2Fv2%2Ftags&post=31675"}],"curies":[{"name":"wp","href":"https:\/\/api.w.org\/{rel}","templated":true}]}}