{"id":3168,"date":"2020-06-08T10:59:12","date_gmt":"2020-06-08T15:59:12","guid":{"rendered":"https:\/\/encuentroinformativo.com\/?p=3168"},"modified":"2020-06-08T10:59:15","modified_gmt":"2020-06-08T15:59:15","slug":"la-sanitizacion-del-curandero","status":"publish","type":"post","link":"https:\/\/encuentroinformativo.com.mx\/?p=3168","title":{"rendered":"La sanitizaci\u00f3n del Curandero"},"content":{"rendered":"\n<p><strong>Los Pol\u00edticos<\/strong><\/p>\n\n\n\n<p><strong>Salvador Mu\u00f1oz<\/strong><br><\/p>\n\n\n\n<p>Lo que debiera ser tomado con naturalidad, caus\u00f3 sorpresa entre los empleados del edificio de la secretar\u00eda de Salud cuando un equipo de \u201cfumigaci\u00f3n\u201d&#8230; perd\u00f3n: sanitizaci\u00f3n, ingres\u00f3 a las oficinas y empez\u00f3 a hacer su labor.<\/p>\n\n\n\n<p>\u00bfPor qu\u00e9 caus\u00f3 sorpresa? Porque para muchos, lo normal es que hubiera llegado un grupo de brujos de la zona de Catemaco o&nbsp; de la zona de Soteapan para hacer una limpia pasando ramas y la sahumada por todos lados\u2026 \u00bfpero sanitizar? Bueno, no es para menos\u2026 a muchos ya les est\u00e1 cayendo el 20 que eso de las estampitas y de la fuerza moral no evita contraer coronavirus, y que el \u201cno mentir, no enga\u00f1ar, no robar\u201d, tampoco evita el contagio&#8230;<\/p>\n\n\n\n<p>A lo mejor no es tanta la prevenci\u00f3n como el miedo, m\u00e1s cuando en los pasillos de la secretar\u00eda de Salud se habla de hechos lamentables como es \u00a1un brote de Covid-19 en las oficinas centrales!<\/p>\n\n\n\n<p>Imagine que hablan de los fallecimientos del Jefe de Protecci\u00f3n Civil (toco madera) y de alguien de Servicios Generales (retoco madera) y junto a ellos, han dado cuatro positivos en esa \u00e1rea: hablan de uno de Eventos; dos, de Recursos Humanos; uno, de Transporte\u2026 bueno, de eso se hablaba apenas el viernes\u2026 para este domingo ya citaban como positivo a quien lleva la Junta de Gobierno, Arturo Dom\u00ednguez. La indicaci\u00f3n del titular, Ramos Alor, es mantener en silencio todo, que all\u00e1 no pasa nada\u2026 y uno espera que as\u00ed se mantengan las cosas, no tanto por creerle a Ramos Alor, sino porque al final, uno entiende que trabajar en el \u00e1rea de Salud (en la primera l\u00ednea, conste) genera altos riesgos\u2026 \u00bfpero en las oficinas? \u00bfdonde se supone que debe haber m\u00e1s control y por ende, menos riesgo?<\/p>\n\n\n\n<p>Bueno, no todos est\u00e1n en riesgo\u2026 siempre y cuando lo que se dice en pasillos de Salud, pase a dejar de ser un rumor: a determinado grupo de Jefas y Coordinadores se les mantiene en casita, lejos de la Primera L\u00ednea por \u00f3rdenes del titular de Atenci\u00f3n M\u00e9dica, Alejandro Rey del \u00c1ngel Aguilar, ex director del Centro de Alta Especialidad Rafael Lucio; al resto, los mandan con la bendici\u00f3n (y no precisamente con Cuitl\u00e1huac Garc\u00eda Jim\u00e9nez, dijera AMLO) es decir, con el m\u00ednimo de protecci\u00f3n a las salas Covid-19.<\/p>\n\n\n\n<p>\u00bfPor qu\u00e9 mandar al personal con escasa protecci\u00f3n a la Primera L\u00ednea? No se entiende\u2026 quiz\u00e1s por negligencia de los jefes; quiz\u00e1s por esos aires de corrupci\u00f3n que impregnan el ambiente en Salud; quiz\u00e1s porque los mismos Jefes y Directores ven a un secretario que se ampara contra el Coronavirus, no en estampitas, no en fuerza moral, no en un \u201cNo mentir, no enga\u00f1ar, no robar\u201d, sino en sesiones de \u201cLimpias\u201d&#8230; no en balde conocen al titular de Salud, Roberto Ramos Alor, como \u201cEl Curandero\u201d&#8230;<\/p>\n\n\n\n<p>Y mientras son peras o manzanas, al personal de Salud le llam\u00f3 la atenci\u00f3n que un equipo de sanitizaci\u00f3n llegue a las oficinas centrales a realizar su labor con extrema urgencia\u2026 un tanto porque lo normal hubiera sido que llegaran brujos con ramas y sahumerios\u2026 y un tanto, por ese rumor que se esparce igual de silencioso que el Coronavirus, que en el edificio de Salud hab\u00eda surgido un brote de la pandemia con resultados mortales\u2026 ojal\u00e1 no, toquemos madera\u2026 no por quitarle responsabilidad al Curandero, porque ser\u00eda lamentable e incomprensible que en las oficinas de Salud, no se hubieran tomado las medidas necesarias (tanto adentro como afuera) para evitar el incremento de unas cifras que siguen para arriba y no se ve para cu\u00e1ndo acaben\u2026<\/p>\n\n\n\n<p><a href=\"mailto:smcainito@gmail.com\" target=\"_blank\" rel=\"noreferrer noopener\">smcainito@gmail.com<\/a><\/p>\n","protected":false},"excerpt":{"rendered":"<p>Los Pol\u00edticos Salvador Mu\u00f1oz Lo que debiera ser tomado con naturalidad, caus\u00f3 sorpresa entre los empleados del edificio de la secretar\u00eda de Salud cuando un equipo de \u201cfumigaci\u00f3n\u201d&#8230; perd\u00f3n: sanitizaci\u00f3n, ingres\u00f3 a las oficinas y empez\u00f3 a hacer su labor. \u00bfPor qu\u00e9 caus\u00f3 sorpresa? Porque para muchos, lo normal es que hubiera llegado un grupo [&hellip;]<\/p>\n","protected":false},"author":1,"featured_media":387,"comment_status":"open","ping_status":"open","sticky":false,"template":"","format":"standard","meta":{"_jetpack_memberships_contains_paid_content":false,"footnotes":""},"categories":[11],"tags":[],"class_list":["post-3168","post","type-post","status-publish","format-standard","has-post-thumbnail","hentry","category-opinion"],"jetpack_featured_media_url":"https:\/\/encuentroinformativo.com.mx\/wp-content\/uploads\/2020\/03\/7CF8A22B-2764-47BE-8F7F-38FE9E5D6A2F.jpeg","jetpack_sharing_enabled":true,"jetpack_likes_enabled":true,"amp_enabled":true,"_links":{"self":[{"href":"https:\/\/encuentroinformativo.com.mx\/index.php?rest_route=\/wp\/v2\/posts\/3168","targetHints":{"allow":["GET"]}}],"collection":[{"href":"https:\/\/encuentroinformativo.com.mx\/index.php?rest_route=\/wp\/v2\/posts"}],"about":[{"href":"https:\/\/encuentroinformativo.com.mx\/index.php?rest_route=\/wp\/v2\/types\/post"}],"author":[{"embeddable":true,"href":"https:\/\/encuentroinformativo.com.mx\/index.php?rest_route=\/wp\/v2\/users\/1"}],"replies":[{"embeddable":true,"href":"https:\/\/encuentroinformativo.com.mx\/index.php?rest_route=%2Fwp%2Fv2%2Fcomments&post=3168"}],"version-history":[{"count":1,"href":"https:\/\/encuentroinformativo.com.mx\/index.php?rest_route=\/wp\/v2\/posts\/3168\/revisions"}],"predecessor-version":[{"id":3169,"href":"https:\/\/encuentroinformativo.com.mx\/index.php?rest_route=\/wp\/v2\/posts\/3168\/revisions\/3169"}],"wp:featuredmedia":[{"embeddable":true,"href":"https:\/\/encuentroinformativo.com.mx\/index.php?rest_route=\/wp\/v2\/media\/387"}],"wp:attachment":[{"href":"https:\/\/encuentroinformativo.com.mx\/index.php?rest_route=%2Fwp%2Fv2%2Fmedia&parent=3168"}],"wp:term":[{"taxonomy":"category","embeddable":true,"href":"https:\/\/encuentroinformativo.com.mx\/index.php?rest_route=%2Fwp%2Fv2%2Fcategories&post=3168"},{"taxonomy":"post_tag","embeddable":true,"href":"https:\/\/encuentroinformativo.com.mx\/index.php?rest_route=%2Fwp%2Fv2%2Ftags&post=3168"}],"curies":[{"name":"wp","href":"https:\/\/api.w.org\/{rel}","templated":true}]}}