{"id":31692,"date":"2022-09-15T16:55:10","date_gmt":"2022-09-15T21:55:10","guid":{"rendered":"https:\/\/encuentroinformativo.com.mx\/?p=31692"},"modified":"2022-09-15T16:55:14","modified_gmt":"2022-09-15T21:55:14","slug":"suspenden-festejos-patrios-en-dos-ayuntamientos","status":"publish","type":"post","link":"https:\/\/encuentroinformativo.com.mx\/?p=31692","title":{"rendered":"Suspenden festejos patrios en dos Ayuntamientos"},"content":{"rendered":"\n<p><strong>Juan Arcos<\/strong><\/p>\n\n\n\n<p>Xalapa, Ver.- Los festejos patrios se suspendieron en dos de los 212 municipios del estado de Veracruz; sin embargo, la cifra podr\u00eda aumentar debido a las condiciones clim\u00e1ticas.<\/p>\n\n\n\n<p>Se trata de Cosautl\u00e1n de Carvajal, donde las autoridades locales decidieron que el evento fuera grabado y transmitido v\u00eda redes sociales. Tambi\u00e9n el municipio de Puente Nacional decidi\u00f3 cancelar la fiesta de manera presencial.<\/p>\n\n\n\n<p>De acuerdo con el secretario de Gobierno, Eric Patrocinio Cisneros Burgos, en ning\u00fan municipio se ha suspendido la celebraci\u00f3n a causa de hechos delictivos, como enfrentamientos armados.<\/p>\n\n\n\n<p>\u201cPor hechos delictivos no se van a suspender en ning\u00fan lugar, se van a suspender por otros motivos, decisiones de los municipios, como Cosautl\u00e1n, por ejemplo, ellos decidieron grabarlo, pero no tiene que ver ning\u00fan hecho delictivo. Aqu\u00ed en Veracruz los hechos delictivos van tremendamente a la baja. Hechos delictivos hay en Guanajuato, Zacatecas, Jalisco\u201d, expres\u00f3.<\/p>\n\n\n\n<p>Indic\u00f3 que las autoridades de Cotaxtla est\u00e1n analizando dicha suspensi\u00f3n, debido al desbordamiento del r\u00edo que ocasion\u00f3 afectaciones en 13 locales comerciales y dos viviendas.<\/p>\n\n\n\n<p>\u201cEn Cotaxtla est\u00e1n valorando hacerlo o no por el tema de las lluvias. No es que haya desbordamiento del r\u00edo, estamos un metro debajo del NAMO (Nivel de Aguas M\u00e1ximas Ordinarias) y est\u00e1 empezando a bajar el r\u00edo, pero por precauci\u00f3n es algo que van a determinar m\u00e1s tarde\u201d, enfatiz\u00f3.<\/p>\n\n\n\n<p>Tambi\u00e9n dio a conocer que el ayuntamiento de Cerro Azul no ha notificado al gobierno del estado la suspensi\u00f3n de los festejos patrios a causa de la inseguridad.<\/p>\n\n\n\n<p>\u201cNo ha confirmado que lo vaya a suspender. No nos lo ha comunicado, pero no tiene qu\u00e9 ver con un hecho delictivo, ah\u00ed lo que sucedi\u00f3 es que se intervino una casa donde hubo denuncias de que posiblemente hab\u00eda un grupo de personas con armas, pero eso no tiene nada qu\u00e9 ver con un hecho delictivo. No hubo enfrentamiento\u201d, expres\u00f3.<\/p>\n","protected":false},"excerpt":{"rendered":"<p>Juan Arcos Xalapa, Ver.- Los festejos patrios se suspendieron en dos de los 212 municipios del estado de Veracruz; sin embargo, la cifra podr\u00eda aumentar debido a las condiciones clim\u00e1ticas. Se trata de Cosautl\u00e1n de Carvajal, donde las autoridades locales decidieron que el evento fuera grabado y transmitido v\u00eda redes sociales. Tambi\u00e9n el municipio de [&hellip;]<\/p>\n","protected":false},"author":1,"featured_media":31693,"comment_status":"open","ping_status":"open","sticky":false,"template":"","format":"standard","meta":{"_jetpack_memberships_contains_paid_content":false,"footnotes":""},"categories":[2],"tags":[],"class_list":["post-31692","post","type-post","status-publish","format-standard","has-post-thumbnail","hentry","category-estado"],"jetpack_featured_media_url":"https:\/\/encuentroinformativo.com.mx\/wp-content\/uploads\/2022\/09\/EAB87E87-F7CE-4037-B8B5-DB1D973A69D0.jpeg","jetpack_sharing_enabled":true,"jetpack_likes_enabled":true,"amp_enabled":true,"_links":{"self":[{"href":"https:\/\/encuentroinformativo.com.mx\/index.php?rest_route=\/wp\/v2\/posts\/31692","targetHints":{"allow":["GET"]}}],"collection":[{"href":"https:\/\/encuentroinformativo.com.mx\/index.php?rest_route=\/wp\/v2\/posts"}],"about":[{"href":"https:\/\/encuentroinformativo.com.mx\/index.php?rest_route=\/wp\/v2\/types\/post"}],"author":[{"embeddable":true,"href":"https:\/\/encuentroinformativo.com.mx\/index.php?rest_route=\/wp\/v2\/users\/1"}],"replies":[{"embeddable":true,"href":"https:\/\/encuentroinformativo.com.mx\/index.php?rest_route=%2Fwp%2Fv2%2Fcomments&post=31692"}],"version-history":[{"count":1,"href":"https:\/\/encuentroinformativo.com.mx\/index.php?rest_route=\/wp\/v2\/posts\/31692\/revisions"}],"predecessor-version":[{"id":31694,"href":"https:\/\/encuentroinformativo.com.mx\/index.php?rest_route=\/wp\/v2\/posts\/31692\/revisions\/31694"}],"wp:featuredmedia":[{"embeddable":true,"href":"https:\/\/encuentroinformativo.com.mx\/index.php?rest_route=\/wp\/v2\/media\/31693"}],"wp:attachment":[{"href":"https:\/\/encuentroinformativo.com.mx\/index.php?rest_route=%2Fwp%2Fv2%2Fmedia&parent=31692"}],"wp:term":[{"taxonomy":"category","embeddable":true,"href":"https:\/\/encuentroinformativo.com.mx\/index.php?rest_route=%2Fwp%2Fv2%2Fcategories&post=31692"},{"taxonomy":"post_tag","embeddable":true,"href":"https:\/\/encuentroinformativo.com.mx\/index.php?rest_route=%2Fwp%2Fv2%2Ftags&post=31692"}],"curies":[{"name":"wp","href":"https:\/\/api.w.org\/{rel}","templated":true}]}}