{"id":31698,"date":"2022-09-16T07:10:55","date_gmt":"2022-09-16T12:10:55","guid":{"rendered":"https:\/\/encuentroinformativo.com.mx\/?p=31698"},"modified":"2022-09-16T07:10:59","modified_gmt":"2022-09-16T12:10:59","slug":"conmemora-alcalde-jm-unanue-el-212-aniversario-del-grito-de-independencia","status":"publish","type":"post","link":"https:\/\/encuentroinformativo.com.mx\/?p=31698","title":{"rendered":"Conmemora Alcalde JM Un\u00e1nue el 212 aniversario del Grito de Independencia"},"content":{"rendered":"\n<p>*<strong>Esta noche, boque\u00f1as y boque\u00f1os celebraron a los h\u00e9roes que nos dieron patria y libertad, as\u00ed como el inicio de la lucha por la Independencia de M\u00e9xico.<\/strong><\/p>\n\n\n\n<p>Boca del R\u00edo, Ver.- El Alcalde de Boca del R\u00edo, Juan Manuel Un\u00e1nue Abascal, encabez\u00f3 la Ceremonia Conmemorativa del 212 Aniversario del Grito de Independencia de M\u00e9xico, acto presencial por primera vez desde el inicio de la pandemia en el pa\u00eds.<\/p>\n\n\n\n<p>La ceremonia refrenda el amor por M\u00e9xico y por Boca del R\u00edo, enfatizando la unidad y libertad, adem\u00e1s de exaltar el cari\u00f1o por nuestros s\u00edmbolos patrios.<\/p>\n\n\n\n<p>Previo al acto protocolario en la Plaza C\u00edvica Benito Ju\u00e1rez, se present\u00f3 el grupo folcl\u00f3rico Mexica, quienes exhibieron estampas alusivas a Veracruz, Jalisco, Chihuahua y Michoac\u00e1n. Posteriormente, se present\u00f3 el Ballet Tlaneci con un popurr\u00ed mexicano.<\/p>\n\n\n\n<p>Previo a las 11 de la noche, se escuch\u00f3 el toque de corneta, el cual daba la pauta para dar inicio con protocolo, momento en el cual la autoridad municipal entreg\u00f3 el l\u00e1baro patrio a la escolta del Ej\u00e9rcito Mexicano, encargado de recibirlo y escoltarlo para entregarlo el Presidente Municipal, Juan Manuel Un\u00e1nue Abascal.<\/p>\n\n\n\n<p>Con total respeto y gallard\u00eda, el Edil camin\u00f3 a trav\u00e9s de los pasillos del Palacio Municipal, dirigi\u00e9ndose al balc\u00f3n principal para hacer sonar la campana e iniciar la arenga, enlistando a los h\u00e9roes que nos dieron patria y libertad.<\/p>\n\n\n\n<p>\u201c\u00a1Viva hidalgo, viva Morelos, viva Josefa Ortiz de Dom\u00ednguez, viva Allende, viva Aldama, viva Galeana, Viva Nicol\u00e1s Bravo!\u201d.<\/p>\n\n\n\n<p>En respuesta, vibrantes miles de voces, respond\u00edan \u201c\u00a1viva!\u201d, aclamando a las mujeres y hombres iniciadores de la Independencia de M\u00e9xico.<\/p>\n\n\n\n<p>Para finalizar, Un\u00e1nue Abascal, exclam\u00f3 con fuerza, \u201c\u00a1Viva Boca del R\u00edo, Viva Veracruz, Viva M\u00e9xico!\u201d, dando paso al toque de campana y ondear la Bandera con respeto y determinaci\u00f3n.<\/p>\n\n\n\n<p>Fue acompa\u00f1ado por la Presidenta del DIF Municipal, Melina Rivera de Un\u00e1nue, as\u00ed como por su hija Aitana Un\u00e1nue Rivera, adem\u00e1s del Cuerpo Edilicio y Gabinete.<\/p>\n\n\n\n<p>Ciudadanos y gobierno, entonaron el Himno Nacional, recordando uno de los acontecimientos m\u00e1s significativos para nuestro pa\u00eds, el \u201cGrito de Independencia\u201d, protagonizado por el Padre de la Patria, Don Miguel Hidalgo y Costilla.<\/p>\n\n\n\n<p>En cuesti\u00f3n de segundos, el espect\u00e1culo de pirotecnia ilumin\u00f3 el cielo de Boca del R\u00edo, deleitando a los presentes con las figuras y colores que se observaban, emocionando a chicos y grandes.<\/p>\n\n\n\n<p>La verbena popular inici\u00f3 con la entonaci\u00f3n de la m\u00fasica mexicana a cargo de Gaspar Romero y el Mariachi Internacional, as\u00ed como con la presencia del grupo folcl\u00f3rico de la Direcci\u00f3n de Cultura Municipal.<\/p>\n\n\n\n<p>Finalmente, las boque\u00f1as y boque\u00f1os, pudieron disfrutar del sabor de la gastronom\u00eda mexicana en la Plaza C\u00edvica. Cabe destacar, que todos los asistentes ingresaron mediante accesos en orden y respetando las indicaciones de los elementos de la Polic\u00eda Municipal, as\u00ed como las recomendaciones emitidas por la Direcci\u00f3n de Protecci\u00f3n Civil de Boca del R\u00edo, adem\u00e1s de otras Direcciones y \u00c1reas que participaron en el operativo preventivo.<\/p>\n","protected":false},"excerpt":{"rendered":"<p>*Esta noche, boque\u00f1as y boque\u00f1os celebraron a los h\u00e9roes que nos dieron patria y libertad, as\u00ed como el inicio de la lucha por la Independencia de M\u00e9xico. Boca del R\u00edo, Ver.- El Alcalde de Boca del R\u00edo, Juan Manuel Un\u00e1nue Abascal, encabez\u00f3 la Ceremonia Conmemorativa del 212 Aniversario del Grito de Independencia de M\u00e9xico, acto [&hellip;]<\/p>\n","protected":false},"author":1,"featured_media":31699,"comment_status":"open","ping_status":"open","sticky":false,"template":"","format":"standard","meta":{"_jetpack_memberships_contains_paid_content":false,"footnotes":""},"categories":[2],"tags":[],"class_list":["post-31698","post","type-post","status-publish","format-standard","has-post-thumbnail","hentry","category-estado"],"jetpack_featured_media_url":"https:\/\/encuentroinformativo.com.mx\/wp-content\/uploads\/2022\/09\/00FE39BA-DA9A-498C-AA5C-8A657B63C089.jpeg","jetpack_sharing_enabled":true,"jetpack_likes_enabled":true,"amp_enabled":true,"_links":{"self":[{"href":"https:\/\/encuentroinformativo.com.mx\/index.php?rest_route=\/wp\/v2\/posts\/31698","targetHints":{"allow":["GET"]}}],"collection":[{"href":"https:\/\/encuentroinformativo.com.mx\/index.php?rest_route=\/wp\/v2\/posts"}],"about":[{"href":"https:\/\/encuentroinformativo.com.mx\/index.php?rest_route=\/wp\/v2\/types\/post"}],"author":[{"embeddable":true,"href":"https:\/\/encuentroinformativo.com.mx\/index.php?rest_route=\/wp\/v2\/users\/1"}],"replies":[{"embeddable":true,"href":"https:\/\/encuentroinformativo.com.mx\/index.php?rest_route=%2Fwp%2Fv2%2Fcomments&post=31698"}],"version-history":[{"count":1,"href":"https:\/\/encuentroinformativo.com.mx\/index.php?rest_route=\/wp\/v2\/posts\/31698\/revisions"}],"predecessor-version":[{"id":31700,"href":"https:\/\/encuentroinformativo.com.mx\/index.php?rest_route=\/wp\/v2\/posts\/31698\/revisions\/31700"}],"wp:featuredmedia":[{"embeddable":true,"href":"https:\/\/encuentroinformativo.com.mx\/index.php?rest_route=\/wp\/v2\/media\/31699"}],"wp:attachment":[{"href":"https:\/\/encuentroinformativo.com.mx\/index.php?rest_route=%2Fwp%2Fv2%2Fmedia&parent=31698"}],"wp:term":[{"taxonomy":"category","embeddable":true,"href":"https:\/\/encuentroinformativo.com.mx\/index.php?rest_route=%2Fwp%2Fv2%2Fcategories&post=31698"},{"taxonomy":"post_tag","embeddable":true,"href":"https:\/\/encuentroinformativo.com.mx\/index.php?rest_route=%2Fwp%2Fv2%2Ftags&post=31698"}],"curies":[{"name":"wp","href":"https:\/\/api.w.org\/{rel}","templated":true}]}}