{"id":3170,"date":"2020-06-08T11:02:11","date_gmt":"2020-06-08T16:02:11","guid":{"rendered":"https:\/\/encuentroinformativo.com\/?p=3170"},"modified":"2020-06-08T11:02:13","modified_gmt":"2020-06-08T16:02:13","slug":"nahle-gobernadora-o","status":"publish","type":"post","link":"https:\/\/encuentroinformativo.com.mx\/?p=3170","title":{"rendered":"\u00bfNahle Gobernadora o&#8230;?"},"content":{"rendered":"\n<p><strong>N\u00fameros Rojos<\/strong><\/p>\n\n\n\n<p><strong>Brenda Caballero<\/strong><br><\/p>\n\n\n\n<p>\u00bfSabe usted d\u00f3nde se qued\u00f3 el Presidente Andr\u00e9s Manuel L\u00f3pez Obrador, con qui\u00e9n convers\u00f3, con qui\u00e9n comi\u00f3, ahora que estuvo de gira por el Sur de Veracruz?<\/p>\n\n\n\n<p>Roc\u00edo Nahle Garc\u00eda es la respuesta a la pregunta. La secretaria de Energ\u00eda estuvo en todo momento con el Presidente, incluso m\u00e1s tiempo que el gobernador Cuitl\u00e1huac Garc\u00eda Jim\u00e9nez, pues el Mandatario se hosped\u00f3 desde el pasado viernes hasta el d\u00eda de ayer en casa de Do\u00f1a Roc\u00edo.&nbsp;<\/p>\n\n\n\n<p>Incluso, se habla de una comida muy, muy exclusiva, de mariscos en casa de la colonia Mar\u00eda de la Piedad pues \u00fanicamente fueron 5 personas: El Presidente Andr\u00e9s Manuel, Roc\u00edo Nahle, Cuitl\u00e1huac Garc\u00eda, Jes\u00fas Ram\u00edrez Cuevas, vocero del Presidente, y el Secretario Particular del Presidente. Respetando tan bien la sana distancia, que ni el Super Delegado Manuel Huerta lleg\u00f3, tampoco Ricardo Ahued u otro Morenazo de la elite veracruzana.<\/p>\n\n\n\n<p>Suena l\u00f3gico, pues en la gira se inclu\u00edan visitas al Complejo Petroqu\u00edmico Cangrejera y la Refiner\u00eda de Minatitl\u00e1n. Y \u00bfQui\u00e9n mejor que la Secretar\u00eda de Energ\u00eda para acompa\u00f1arle?<\/p>\n\n\n\n<p>Si bien, en esa comida pudo hablarse de tantas cosas, desde pol\u00edtica hasta del mismo Proyecto de Naci\u00f3n de la Cuarta Transformaci\u00f3n, \u00bfpor qu\u00e9 no tambi\u00e9n de la sucesi\u00f3n a la gubernatura o hasta de la Presidencia?<\/p>\n\n\n\n<p>S\u00ed, suena muy lejano, pues faltan cuatro a\u00f1os para ambos sucesos, y sobre todo ver qu\u00e9 sucede en las elecciones del 2021; sin embargo, pareciera que el caso Alfaro y la carta de Dante Delgado aceleraron el proceso y le abrieron los ojos al mismo Presidente para no confiarse y tener listas y listos a sus alfiles, pues a nadie de Morena le agrad\u00f3 que el pa\u00eds entero volteara a ver a un Enrique Alfaro, gobernador de Jalisco, victimiz\u00e1ndose por ser atacado desde Los Pinos con las manifestaciones por la muerte de Geovanni L\u00f3pez, subiendo su rating y hasta ser nombrado como candidato a la Presidencia en 2024, junto con Claudia Sheinbaum y Alejandro Murat\u2026 Pero regresando a Coatzacoalcos \u00bfDe qu\u00e9 se hablar\u00eda en la comida de los 5? \u00bfDe la sucesi\u00f3n?<\/p>\n\n\n\n<p>Con todos estos signos, en pol\u00edtica nadie podr\u00eda negar que Roc\u00edo Nahle tiene la venia del Presidente para la gubernatura, pero \u00bfY para la Presidencia?<\/p>\n\n\n\n<p>\u00bfSe imagina a Norma Roc\u00edo Nahle Garc\u00eda como la primera Presidenta de los Estados Unidos Mexicanos?<\/p>\n\n\n\n<p>Yo no me lo imaginaba, pero ayer domingo, aproximadamente a las 3 de la tarde, hubo un tuit que llam\u00f3 mi atenci\u00f3n: @Lovrega, Vero Islas, nombrada a s\u00ed misma Chaira m\u00e1ster, escribi\u00f3: \u201cYa es tiempo de que una mujer gobierne a este gran pa\u00eds. @Irma_Sandoval, @rocionahle, @Claudiashein Tres grandes mujeres. Inteligentes, preparadas, honestas. Y muy importante: Las tres est\u00e1n comprometidas con el Proyecto de Naci\u00f3n.\u201d&nbsp;<\/p>\n\n\n\n<p>S\u00ed, es twitter, es una red social en la que como se dice una cosa se dice otra, pero es una cuenta totalmente de apoyo al Presidente y a la 4T, y los que saben de twitter, afirman que la maneja Jes\u00fas Ram\u00edrez Cuevas, el vocero del Presidente, el mismo que estuvo en la comida de los 5.<\/p>\n\n\n\n<p>El tuit fue fijado y de inmediato empezaron los comentarios: \u201cLe toca a Marcelo Ebrard, \u00e9l tiene que ir\u2026\u201d; \u201cy Tatiana Clouthier, \u00bfPor qu\u00e9 no la mencionaste?\u201d, etc\u00e9tera, etc\u00e9tera.<\/p>\n\n\n\n<p>Pudiera ser un tuit estrat\u00e9gico para voltear a ver a estas tres mujeres y quitar la atenci\u00f3n en Alfaro, pero tambi\u00e9n pudiera ser un tuit para recordar en 4 a\u00f1os\u2026<\/p>\n\n\n\n<p>A\u00fan falta mucho, mucho, y en pol\u00edtica todo cambia. Pero, \u00bfQu\u00e9 pasar\u00eda si de verdad, L\u00f3pez Obrador quisiera hacer un cambio a fondo e impulsar a una mujer como la primera Presidenta de M\u00e9xico? No podemos negar que \u00e9l ha sido el Presidente que ha otorgado equidad de g\u00e9nero en su gabinete de manera hist\u00f3rica y pudiera ser el que ceda el paso a una Presidenta en el pa\u00eds, desde luego que garantice la continuidad de la 4T. Con ello hasta mata dos p\u00e1jaros de un tiro: Margarita Zavala y Felipe Calder\u00f3n, pensando en que do\u00f1a Mago vuelva a contender para la Presidencia en 2024 ahora s\u00ed, sin renunciar como lo hizo en el 2018.<\/p>\n\n\n\n<p>Irma, Claudia y Roc\u00edo\u2026 Sin duda la disputa estar\u00eda entre las dos \u00faltimas, y aunque Claudia es gobernadora de la ciudad m\u00e1s importante del pa\u00eds, Roc\u00edo tiene el control en el estado de Veracruz, es Secretar\u00eda de Energ\u00eda, principal dependencia en el proceso transformador de L\u00f3pez Obrador y ha estado sentada con los miembros de la OPEP&#8230; con ello lleva ya la delantera.<\/p>\n\n\n\n<p>Veremos si la propuesta para modificar la Constituci\u00f3n de Veracruz para ser candidato a la gubernatura, es para Roc\u00edo Nahle o para Ricardo Ahued, aunque \u00bfqui\u00e9n quiere ser gobernadora de Veracruz, cuando puede ser Presidenta de M\u00e9xico?<\/p>\n\n\n\n<p>@NumerosRojos_BC<\/p>\n\n\n\n<p><a href=\"mailto:caballero_brenda@hotmail.com\" target=\"_blank\" rel=\"noreferrer noopener\">caballero_brenda@hotmail.com<\/a><\/p>\n","protected":false},"excerpt":{"rendered":"<p>N\u00fameros Rojos Brenda Caballero \u00bfSabe usted d\u00f3nde se qued\u00f3 el Presidente Andr\u00e9s Manuel L\u00f3pez Obrador, con qui\u00e9n convers\u00f3, con qui\u00e9n comi\u00f3, ahora que estuvo de gira por el Sur de Veracruz? Roc\u00edo Nahle Garc\u00eda es la respuesta a la pregunta. La secretaria de Energ\u00eda estuvo en todo momento con el Presidente, incluso m\u00e1s tiempo que [&hellip;]<\/p>\n","protected":false},"author":1,"featured_media":387,"comment_status":"open","ping_status":"open","sticky":false,"template":"","format":"standard","meta":{"_jetpack_memberships_contains_paid_content":false,"footnotes":""},"categories":[11],"tags":[],"class_list":["post-3170","post","type-post","status-publish","format-standard","has-post-thumbnail","hentry","category-opinion"],"jetpack_featured_media_url":"https:\/\/encuentroinformativo.com.mx\/wp-content\/uploads\/2020\/03\/7CF8A22B-2764-47BE-8F7F-38FE9E5D6A2F.jpeg","jetpack_sharing_enabled":true,"jetpack_likes_enabled":true,"amp_enabled":true,"_links":{"self":[{"href":"https:\/\/encuentroinformativo.com.mx\/index.php?rest_route=\/wp\/v2\/posts\/3170","targetHints":{"allow":["GET"]}}],"collection":[{"href":"https:\/\/encuentroinformativo.com.mx\/index.php?rest_route=\/wp\/v2\/posts"}],"about":[{"href":"https:\/\/encuentroinformativo.com.mx\/index.php?rest_route=\/wp\/v2\/types\/post"}],"author":[{"embeddable":true,"href":"https:\/\/encuentroinformativo.com.mx\/index.php?rest_route=\/wp\/v2\/users\/1"}],"replies":[{"embeddable":true,"href":"https:\/\/encuentroinformativo.com.mx\/index.php?rest_route=%2Fwp%2Fv2%2Fcomments&post=3170"}],"version-history":[{"count":1,"href":"https:\/\/encuentroinformativo.com.mx\/index.php?rest_route=\/wp\/v2\/posts\/3170\/revisions"}],"predecessor-version":[{"id":3171,"href":"https:\/\/encuentroinformativo.com.mx\/index.php?rest_route=\/wp\/v2\/posts\/3170\/revisions\/3171"}],"wp:featuredmedia":[{"embeddable":true,"href":"https:\/\/encuentroinformativo.com.mx\/index.php?rest_route=\/wp\/v2\/media\/387"}],"wp:attachment":[{"href":"https:\/\/encuentroinformativo.com.mx\/index.php?rest_route=%2Fwp%2Fv2%2Fmedia&parent=3170"}],"wp:term":[{"taxonomy":"category","embeddable":true,"href":"https:\/\/encuentroinformativo.com.mx\/index.php?rest_route=%2Fwp%2Fv2%2Fcategories&post=3170"},{"taxonomy":"post_tag","embeddable":true,"href":"https:\/\/encuentroinformativo.com.mx\/index.php?rest_route=%2Fwp%2Fv2%2Ftags&post=3170"}],"curies":[{"name":"wp","href":"https:\/\/api.w.org\/{rel}","templated":true}]}}