{"id":31706,"date":"2022-09-16T12:20:28","date_gmt":"2022-09-16T17:20:28","guid":{"rendered":"https:\/\/encuentroinformativo.com.mx\/?p=31706"},"modified":"2022-09-16T12:20:31","modified_gmt":"2022-09-16T17:20:31","slug":"van-13-comunidades-afectadas-por-lluvias-en-tlalixcoyan","status":"publish","type":"post","link":"https:\/\/encuentroinformativo.com.mx\/?p=31706","title":{"rendered":"Van 13 comunidades afectadas por lluvias en Tlalixcoyan"},"content":{"rendered":"\n<p><strong>Alejandro \u00c1vila<\/strong><\/p>\n\n\n\n<p>Tlalixcoyan, Ver.- El \u00faltimo reporte de Protecci\u00f3n Civil Municipal de Tlalixcoyan, plasm\u00f3 como saldo 13 comunidades y 161 viviendas afectadas tras las lluvias y el desbordamiento del R\u00edo Blanco.<\/p>\n\n\n\n<p>Cabe recordar que la alcaldesa Elvia Illescas Loyo decidi\u00f3 suspender los festejos patrios y no realizar el Grito de Independencia en la plaza Benito Ju\u00e1rez, para enfocarse en dar atenci\u00f3n a los damnificados.<\/p>\n\n\n\n<p>La edil panista mencion\u00f3 que, se rebas\u00f3 el nivel del R\u00edo Blanco, el desbordamiento del mismo gener\u00f3 inundaciones en 161 viviendas y se afectaron v\u00edas de comunicaci\u00f3n terrestres.<\/p>\n\n\n\n<p>En total, son 13 comunidades afectadas y m\u00e1s de 200 familias en sitios como: Tonalmiles, Recreo 2o, Laguna del Cedral, El Papayal, Palotal, Pueblo Nuevo, Torrecilla, Puente de la Boca, Moralillo, Madereros, colonia Guti\u00e9rrez Barrios de Paso de la Boca, El Remolino y El ITSAV de Tlalixcoyan.<\/p>\n\n\n\n<p>Se inform\u00f3 que hay un aproximado de 31 personas albergadas, de las cuales, este d\u00eda 15 de septiembre se canalizaron a seis de la comunidad Madereros, tres en el Sal\u00f3n Social de Tlalixcoyan y a 23 de la comunidad de Laguna del Cedral.<\/p>\n\n\n\n<p>Debido a que continuar\u00e1n las lluvias, el Ayuntamiento de Tlalixcoyan puso a disposici\u00f3n el n\u00famero de emergencias 911; as\u00ed como el de la Comandancia de Tlalixcoyan, 285 967 06 82; de igual manera, el de la Agencia Municipal de Piedras Negras, 285 967 51 07.<\/p>\n\n\n\n<figure class=\"wp-block-image size-large\"><img loading=\"lazy\" decoding=\"async\" width=\"1024\" height=\"768\" src=\"https:\/\/encuentroinformativo.com.mx\/wp-content\/uploads\/2022\/09\/9140304B-8155-455E-B927-8E614E3AA3C7-1024x768.jpeg\" alt=\"\" class=\"wp-image-31708\" srcset=\"https:\/\/encuentroinformativo.com.mx\/wp-content\/uploads\/2022\/09\/9140304B-8155-455E-B927-8E614E3AA3C7-1024x768.jpeg 1024w, https:\/\/encuentroinformativo.com.mx\/wp-content\/uploads\/2022\/09\/9140304B-8155-455E-B927-8E614E3AA3C7-300x225.jpeg 300w, https:\/\/encuentroinformativo.com.mx\/wp-content\/uploads\/2022\/09\/9140304B-8155-455E-B927-8E614E3AA3C7-768x576.jpeg 768w, https:\/\/encuentroinformativo.com.mx\/wp-content\/uploads\/2022\/09\/9140304B-8155-455E-B927-8E614E3AA3C7-1536x1152.jpeg 1536w, https:\/\/encuentroinformativo.com.mx\/wp-content\/uploads\/2022\/09\/9140304B-8155-455E-B927-8E614E3AA3C7.jpeg 1600w\" sizes=\"auto, (max-width: 1024px) 100vw, 1024px\" \/><\/figure>\n","protected":false},"excerpt":{"rendered":"<p>Alejandro \u00c1vila Tlalixcoyan, Ver.- El \u00faltimo reporte de Protecci\u00f3n Civil Municipal de Tlalixcoyan, plasm\u00f3 como saldo 13 comunidades y 161 viviendas afectadas tras las lluvias y el desbordamiento del R\u00edo Blanco. Cabe recordar que la alcaldesa Elvia Illescas Loyo decidi\u00f3 suspender los festejos patrios y no realizar el Grito de Independencia en la plaza Benito [&hellip;]<\/p>\n","protected":false},"author":1,"featured_media":31707,"comment_status":"open","ping_status":"open","sticky":false,"template":"","format":"standard","meta":{"_jetpack_memberships_contains_paid_content":false,"footnotes":""},"categories":[2],"tags":[],"class_list":["post-31706","post","type-post","status-publish","format-standard","has-post-thumbnail","hentry","category-estado"],"jetpack_featured_media_url":"https:\/\/encuentroinformativo.com.mx\/wp-content\/uploads\/2022\/09\/ECE58AB0-64C4-4E32-A57C-0D81B857FE5E.jpeg","jetpack_sharing_enabled":true,"jetpack_likes_enabled":true,"amp_enabled":true,"_links":{"self":[{"href":"https:\/\/encuentroinformativo.com.mx\/index.php?rest_route=\/wp\/v2\/posts\/31706","targetHints":{"allow":["GET"]}}],"collection":[{"href":"https:\/\/encuentroinformativo.com.mx\/index.php?rest_route=\/wp\/v2\/posts"}],"about":[{"href":"https:\/\/encuentroinformativo.com.mx\/index.php?rest_route=\/wp\/v2\/types\/post"}],"author":[{"embeddable":true,"href":"https:\/\/encuentroinformativo.com.mx\/index.php?rest_route=\/wp\/v2\/users\/1"}],"replies":[{"embeddable":true,"href":"https:\/\/encuentroinformativo.com.mx\/index.php?rest_route=%2Fwp%2Fv2%2Fcomments&post=31706"}],"version-history":[{"count":1,"href":"https:\/\/encuentroinformativo.com.mx\/index.php?rest_route=\/wp\/v2\/posts\/31706\/revisions"}],"predecessor-version":[{"id":31709,"href":"https:\/\/encuentroinformativo.com.mx\/index.php?rest_route=\/wp\/v2\/posts\/31706\/revisions\/31709"}],"wp:featuredmedia":[{"embeddable":true,"href":"https:\/\/encuentroinformativo.com.mx\/index.php?rest_route=\/wp\/v2\/media\/31707"}],"wp:attachment":[{"href":"https:\/\/encuentroinformativo.com.mx\/index.php?rest_route=%2Fwp%2Fv2%2Fmedia&parent=31706"}],"wp:term":[{"taxonomy":"category","embeddable":true,"href":"https:\/\/encuentroinformativo.com.mx\/index.php?rest_route=%2Fwp%2Fv2%2Fcategories&post=31706"},{"taxonomy":"post_tag","embeddable":true,"href":"https:\/\/encuentroinformativo.com.mx\/index.php?rest_route=%2Fwp%2Fv2%2Ftags&post=31706"}],"curies":[{"name":"wp","href":"https:\/\/api.w.org\/{rel}","templated":true}]}}