{"id":31710,"date":"2022-09-16T12:22:44","date_gmt":"2022-09-16T17:22:44","guid":{"rendered":"https:\/\/encuentroinformativo.com.mx\/?p=31710"},"modified":"2022-09-16T12:22:47","modified_gmt":"2022-09-16T17:22:47","slug":"recorren-viviendas-afectadas-en-medellin-de-bravo","status":"publish","type":"post","link":"https:\/\/encuentroinformativo.com.mx\/?p=31710","title":{"rendered":"Recorren viviendas afectadas en Medell\u00edn de Bravo"},"content":{"rendered":"\n<p><strong>Alejandro \u00c1vila<\/strong><\/p>\n\n\n\n<p>Medell\u00edn de Bravo, Ver.- Tras concluir el acto protocolario de Grito de Independencia en el Palacio Municipal de Medell\u00edn de Bravo, el alcalde Marcos Isle\u00f1o Andrade en compa\u00f1\u00eda de algunos ediles, recorrieron las viviendas afectadas por las precipitaciones pluviales.<\/p>\n\n\n\n<p>En la mayor\u00eda de las localidades y viviendas afectadas son las que se encuentran adyacentes al R\u00edo Cotaxtla, el cual se encuentra en su nivel cr\u00edtico, y aunque se desbord\u00f3 en algunos puntos, el alcalde Marcos Isle\u00f1o aclar\u00f3 que, fue en las zonas bajas, aunque al momento se mantiene estable y sin aumento.<\/p>\n\n\n\n<p>El presidente municipal dijo que el R\u00edo Jamapa est\u00e1 en lento ascenso, a 2.33 metros de llegar a su nivel cr\u00edtico; es decir, este r\u00edo no presenta ning\u00fan riesgo para las comunidades aleda\u00f1as.&nbsp;<\/p>\n\n\n\n<p>\u201cEl R\u00edo Cotaxtla ha superado en algunos puntos los 6.15 metros, aunque se ha mantenido estable la \u00faltima hora, existe desbordamiento en algunas zonas bajas como la franja El Copital &#8211; Salsipuedes, y muy prontamente en el transcurso de la tarde &#8211; noche en las colonias Cuenca 1 y 2 de Paso del Toro&#8221;, apunt\u00f3.<\/p>\n\n\n\n<p>Ante esta situaci\u00f3n, se instruy\u00f3 al personal de Protecci\u00f3n Civil del Ayuntamiento, brinde el apoyando en todo lo necesario en las zonas con foco rojo.&nbsp;&nbsp;<\/p>\n\n\n\n<p>De la misma manera, se instalaron los siguientes albergues.<\/p>\n\n\n\n<p>Escuela &#8220;Adolfo Ruiz Cortinez&#8221; en la localidad de Copital, contacto 2293398430; Casa Ejidal en la localidad de Celaya, contacto 2296247285; Casa Ejidal de la localidad La Esperanza, contacto 2291625295; Escuela Secundaria T\u00e9cnica Agropecuaria No. 37 en la localidad Salsipuedes y Juan de Alfaro, contacto 2292327762; Escuela 1\u00b0 de Mayo en la localidad Paso del Toro, contacto 2294120101; y el Sal\u00f3n Molina en la localidad de Paso del Toro, contacto 2294120101.<\/p>\n","protected":false},"excerpt":{"rendered":"<p>Alejandro \u00c1vila Medell\u00edn de Bravo, Ver.- Tras concluir el acto protocolario de Grito de Independencia en el Palacio Municipal de Medell\u00edn de Bravo, el alcalde Marcos Isle\u00f1o Andrade en compa\u00f1\u00eda de algunos ediles, recorrieron las viviendas afectadas por las precipitaciones pluviales. En la mayor\u00eda de las localidades y viviendas afectadas son las que se encuentran [&hellip;]<\/p>\n","protected":false},"author":1,"featured_media":31711,"comment_status":"open","ping_status":"open","sticky":false,"template":"","format":"standard","meta":{"_jetpack_memberships_contains_paid_content":false,"footnotes":""},"categories":[2],"tags":[],"class_list":["post-31710","post","type-post","status-publish","format-standard","has-post-thumbnail","hentry","category-estado"],"jetpack_featured_media_url":"https:\/\/encuentroinformativo.com.mx\/wp-content\/uploads\/2022\/09\/0B6BD7FA-3D7E-457F-8E1D-A3A912889AB6.jpeg","jetpack_sharing_enabled":true,"jetpack_likes_enabled":true,"amp_enabled":true,"_links":{"self":[{"href":"https:\/\/encuentroinformativo.com.mx\/index.php?rest_route=\/wp\/v2\/posts\/31710","targetHints":{"allow":["GET"]}}],"collection":[{"href":"https:\/\/encuentroinformativo.com.mx\/index.php?rest_route=\/wp\/v2\/posts"}],"about":[{"href":"https:\/\/encuentroinformativo.com.mx\/index.php?rest_route=\/wp\/v2\/types\/post"}],"author":[{"embeddable":true,"href":"https:\/\/encuentroinformativo.com.mx\/index.php?rest_route=\/wp\/v2\/users\/1"}],"replies":[{"embeddable":true,"href":"https:\/\/encuentroinformativo.com.mx\/index.php?rest_route=%2Fwp%2Fv2%2Fcomments&post=31710"}],"version-history":[{"count":1,"href":"https:\/\/encuentroinformativo.com.mx\/index.php?rest_route=\/wp\/v2\/posts\/31710\/revisions"}],"predecessor-version":[{"id":31712,"href":"https:\/\/encuentroinformativo.com.mx\/index.php?rest_route=\/wp\/v2\/posts\/31710\/revisions\/31712"}],"wp:featuredmedia":[{"embeddable":true,"href":"https:\/\/encuentroinformativo.com.mx\/index.php?rest_route=\/wp\/v2\/media\/31711"}],"wp:attachment":[{"href":"https:\/\/encuentroinformativo.com.mx\/index.php?rest_route=%2Fwp%2Fv2%2Fmedia&parent=31710"}],"wp:term":[{"taxonomy":"category","embeddable":true,"href":"https:\/\/encuentroinformativo.com.mx\/index.php?rest_route=%2Fwp%2Fv2%2Fcategories&post=31710"},{"taxonomy":"post_tag","embeddable":true,"href":"https:\/\/encuentroinformativo.com.mx\/index.php?rest_route=%2Fwp%2Fv2%2Ftags&post=31710"}],"curies":[{"name":"wp","href":"https:\/\/api.w.org\/{rel}","templated":true}]}}