{"id":31713,"date":"2022-09-16T12:25:27","date_gmt":"2022-09-16T17:25:27","guid":{"rendered":"https:\/\/encuentroinformativo.com.mx\/?p=31713"},"modified":"2022-09-16T12:25:30","modified_gmt":"2022-09-16T17:25:30","slug":"semar-realizara-copa-nacional-de-triatlon-en-anton-lizardo","status":"publish","type":"post","link":"https:\/\/encuentroinformativo.com.mx\/?p=31713","title":{"rendered":"SEMAR realizar\u00e1 Copa Nacional de Triatl\u00f3n en Ant\u00f3n Lizardo"},"content":{"rendered":"\n<p><strong>Alejandro \u00c1vila<\/strong><\/p>\n\n\n\n<p>Alvarado, Ver.- El pr\u00f3ximo 25 de septiembre la Secretar\u00eda de Marina (SEMAR) a las 7 de la ma\u00f1ana, se llevar\u00e1 a cabo la Copa Nacional de Triatl\u00f3n, como parte de los festejos del 125 aniversario de la Heroica Escuela Naval Militar.<\/p>\n\n\n\n<p>El director del Instituto Veracruzano del Deporte, Jos\u00e9 Alberto Nava Lozano, se\u00f1al\u00f3 que la dependencia estatal participar\u00e1 en el evento deportivo que es avalado por la Federaci\u00f3n Mexicana de Triatl\u00f3n y la Asociaci\u00f3n de Triatletas de Veracruz.<\/p>\n\n\n\n<p>En dicho evento se espera la participaci\u00f3n de cerca de 500 triatletas de la Rep\u00fablica Mexicana; siendo la comitiva de Veracruz la que mayores expectativas de triunfo genera; pues cabe recordar que los triatletas veracruzanos han entregado buenas cuentas en los Nacionales CONADE, as\u00ed como en los cert\u00e1menes a nivel internacional.<\/p>\n\n\n\n<p>Las categor\u00edas en que se desarrollar\u00e1 la Copa Nacional son en Infantil, de 9 a 11 a\u00f1os (150 metros nataci\u00f3n, 4 kil\u00f3metros bicicleta y 1 kil\u00f3metro carrera); as\u00ed como los de 12-13 a\u00f1os (300 metros nataci\u00f3n, 8 kil\u00f3metros bicicleta y 1.5 kil\u00f3metros carrera), as\u00ed como de 14 a 15 a\u00f1os (450 nataci\u00f3n, 11 kil\u00f3metros bicicleta y 2.5 kil\u00f3metros carrera), todas en femenil y varonil.&nbsp;<\/p>\n\n\n\n<p>En la categor\u00eda Novatos, 16 a\u00f1os y mayores (450 metros nataci\u00f3n, 11 kil\u00f3metros bicicleta y 2.5 kil\u00f3metros carrera).&nbsp;<\/p>\n\n\n\n<p>En la modalidad Sprint que tendr\u00e1n distancias de 750 metros nataci\u00f3n, 22 kil\u00f3metros bicicleta y 5 kil\u00f3metros carrera. Las categor\u00edas son desde 16 a 70 a\u00f1os y mayores as\u00ed como Relevos Mixtos en femenil y varonil. Mismas categor\u00edas y ramas para la modalidad Ol\u00edmpica, la cual tendr\u00e1 Mil 500 metros nataci\u00f3n, 44 kil\u00f3metros de bicicleta y 10 kil\u00f3metros de carrera).<\/p>\n\n\n\n<p>La entrega de paquetes se realizar\u00e1 el 24 de septiembre en la Heroica Escuela Naval Militar de 12 a 19 horas. Todos los pormenores pueden ser consultados en&nbsp;www.tiempooficial.com&nbsp;<\/p>\n","protected":false},"excerpt":{"rendered":"<p>Alejandro \u00c1vila Alvarado, Ver.- El pr\u00f3ximo 25 de septiembre la Secretar\u00eda de Marina (SEMAR) a las 7 de la ma\u00f1ana, se llevar\u00e1 a cabo la Copa Nacional de Triatl\u00f3n, como parte de los festejos del 125 aniversario de la Heroica Escuela Naval Militar. El director del Instituto Veracruzano del Deporte, Jos\u00e9 Alberto Nava Lozano, se\u00f1al\u00f3 [&hellip;]<\/p>\n","protected":false},"author":1,"featured_media":31714,"comment_status":"open","ping_status":"open","sticky":false,"template":"","format":"standard","meta":{"_jetpack_memberships_contains_paid_content":false,"footnotes":""},"categories":[2],"tags":[],"class_list":["post-31713","post","type-post","status-publish","format-standard","has-post-thumbnail","hentry","category-estado"],"jetpack_featured_media_url":"https:\/\/encuentroinformativo.com.mx\/wp-content\/uploads\/2022\/09\/AC85835A-F333-40F5-B3AD-05129E72B5E9.jpeg","jetpack_sharing_enabled":true,"jetpack_likes_enabled":true,"amp_enabled":true,"_links":{"self":[{"href":"https:\/\/encuentroinformativo.com.mx\/index.php?rest_route=\/wp\/v2\/posts\/31713","targetHints":{"allow":["GET"]}}],"collection":[{"href":"https:\/\/encuentroinformativo.com.mx\/index.php?rest_route=\/wp\/v2\/posts"}],"about":[{"href":"https:\/\/encuentroinformativo.com.mx\/index.php?rest_route=\/wp\/v2\/types\/post"}],"author":[{"embeddable":true,"href":"https:\/\/encuentroinformativo.com.mx\/index.php?rest_route=\/wp\/v2\/users\/1"}],"replies":[{"embeddable":true,"href":"https:\/\/encuentroinformativo.com.mx\/index.php?rest_route=%2Fwp%2Fv2%2Fcomments&post=31713"}],"version-history":[{"count":1,"href":"https:\/\/encuentroinformativo.com.mx\/index.php?rest_route=\/wp\/v2\/posts\/31713\/revisions"}],"predecessor-version":[{"id":31715,"href":"https:\/\/encuentroinformativo.com.mx\/index.php?rest_route=\/wp\/v2\/posts\/31713\/revisions\/31715"}],"wp:featuredmedia":[{"embeddable":true,"href":"https:\/\/encuentroinformativo.com.mx\/index.php?rest_route=\/wp\/v2\/media\/31714"}],"wp:attachment":[{"href":"https:\/\/encuentroinformativo.com.mx\/index.php?rest_route=%2Fwp%2Fv2%2Fmedia&parent=31713"}],"wp:term":[{"taxonomy":"category","embeddable":true,"href":"https:\/\/encuentroinformativo.com.mx\/index.php?rest_route=%2Fwp%2Fv2%2Fcategories&post=31713"},{"taxonomy":"post_tag","embeddable":true,"href":"https:\/\/encuentroinformativo.com.mx\/index.php?rest_route=%2Fwp%2Fv2%2Ftags&post=31713"}],"curies":[{"name":"wp","href":"https:\/\/api.w.org\/{rel}","templated":true}]}}