{"id":31716,"date":"2022-09-16T12:29:57","date_gmt":"2022-09-16T17:29:57","guid":{"rendered":"https:\/\/encuentroinformativo.com.mx\/?p=31716"},"modified":"2022-09-16T12:30:00","modified_gmt":"2022-09-16T17:30:00","slug":"inauguraran-remodelacion-de-edificio-de-ivd-y-pma-en-boca-del-rio","status":"publish","type":"post","link":"https:\/\/encuentroinformativo.com.mx\/?p=31716","title":{"rendered":"Inaugurar\u00e1n remodelaci\u00f3n de edificio de IVD y PMA en Boca del R\u00edo"},"content":{"rendered":"\n<p><strong>Alejandro \u00c1vila<\/strong><\/p>\n\n\n\n<p>Boca del R\u00edo, Ver.- El pr\u00f3ximo martes 20 de septiembre a las 17 horas, ser\u00e1 inaugurado en Boca del R\u00edo el edificio de oficinas que compartir\u00e1n el Instituto Veracruzano del Deporte (IVD) y la Procuradur\u00eda de Medio Ambiente (PMA), con la presencia del gobernador Cuitl\u00e1huac Garc\u00eda Jim\u00e9nez.<\/p>\n\n\n\n<p>En dicho evento tambi\u00e9n se espera la presencia del secretario Educaci\u00f3n de Veracruz, Zenyazen Escobar Garc\u00eda, pues el IVD es una subcoordinaci\u00f3n de dicha dependencia.<\/p>\n\n\n\n<p>Cabe recordar que est\u00e9 edificio fue abandonado en 2016, cu\u00e1ndo Mar\u00eda de los \u00c1ngeles Ortiz era directora del IVD; la Procuradur\u00eda de Medio Ambiente (PMA) qui\u00e9n rentaba un inmueble en la calle Palmeras del municipio de Boca del R\u00edo, decidi\u00f3 invertir 40 millones de pesos para su remodelaci\u00f3n y compartir oficinas con el Instituto del deporte, ya que el edificio es propiedad del Gobierno del Estado.<\/p>\n\n\n\n<p>Durante toda la semana la PMA a programado diversas actividades entre las que destacan, el Papaqui Ambiental el pr\u00f3ximo lunes 19 de septiembre, donde los empleados de la Procuradur\u00eda caminaran acompa\u00f1ados de una batucada, desde la calle Palmeras hasta la avenida Paseo de las Flores, donde recoger\u00e1n a su paso pet, bater\u00edas, cart\u00f3n y aparatos electr\u00f3nicos.<\/p>\n\n\n\n<p>El martes 20 de septiembre desde las 9 de la ma\u00f1ana y hasta las 5 de la tarde, antes de que inaugure el gobernador, se llevar\u00e1 a cabo una Feria de Servicios, d\u00f3nde habr\u00e1 servicios gratuitos del Registro Civil, Secretar\u00eda de Seguridad P\u00fablica y DIF Estatal.<\/p>\n\n\n\n<p>El mi\u00e9rcoles 21 de septiembre se realizar\u00e1 una obra teatral de concientizaci\u00f3n del medio ambiente enfocada ni\u00f1os; mientras que el jueves 22 de septiembre, se llevar\u00e1 a cabo la campa\u00f1a &#8220;Cacer\u00eda de Pet&#8221;, en las playas de la Isla del Amor en el municipio de Boca del R\u00edo.<\/p>\n\n\n\n<p>Finalmente, el viernes 23 de septiembre se realizar\u00e1 una kerm\u00e9s en las inmediaciones del complejo deportivo Leyes de Reforma, y se regalaran 2 mil \u00e1rboles, como parte de la campa\u00f1a &#8220;Adopta un \u00c1rbol&#8221;.<\/p>\n","protected":false},"excerpt":{"rendered":"<p>Alejandro \u00c1vila Boca del R\u00edo, Ver.- El pr\u00f3ximo martes 20 de septiembre a las 17 horas, ser\u00e1 inaugurado en Boca del R\u00edo el edificio de oficinas que compartir\u00e1n el Instituto Veracruzano del Deporte (IVD) y la Procuradur\u00eda de Medio Ambiente (PMA), con la presencia del gobernador Cuitl\u00e1huac Garc\u00eda Jim\u00e9nez. En dicho evento tambi\u00e9n se espera [&hellip;]<\/p>\n","protected":false},"author":1,"featured_media":31717,"comment_status":"open","ping_status":"open","sticky":false,"template":"","format":"standard","meta":{"_jetpack_memberships_contains_paid_content":false,"footnotes":""},"categories":[2],"tags":[],"class_list":["post-31716","post","type-post","status-publish","format-standard","has-post-thumbnail","hentry","category-estado"],"jetpack_featured_media_url":"https:\/\/encuentroinformativo.com.mx\/wp-content\/uploads\/2022\/09\/A949CBA1-0C85-470B-AE5A-D0D90B6AF6D6.jpeg","jetpack_sharing_enabled":true,"jetpack_likes_enabled":true,"amp_enabled":true,"_links":{"self":[{"href":"https:\/\/encuentroinformativo.com.mx\/index.php?rest_route=\/wp\/v2\/posts\/31716","targetHints":{"allow":["GET"]}}],"collection":[{"href":"https:\/\/encuentroinformativo.com.mx\/index.php?rest_route=\/wp\/v2\/posts"}],"about":[{"href":"https:\/\/encuentroinformativo.com.mx\/index.php?rest_route=\/wp\/v2\/types\/post"}],"author":[{"embeddable":true,"href":"https:\/\/encuentroinformativo.com.mx\/index.php?rest_route=\/wp\/v2\/users\/1"}],"replies":[{"embeddable":true,"href":"https:\/\/encuentroinformativo.com.mx\/index.php?rest_route=%2Fwp%2Fv2%2Fcomments&post=31716"}],"version-history":[{"count":1,"href":"https:\/\/encuentroinformativo.com.mx\/index.php?rest_route=\/wp\/v2\/posts\/31716\/revisions"}],"predecessor-version":[{"id":31718,"href":"https:\/\/encuentroinformativo.com.mx\/index.php?rest_route=\/wp\/v2\/posts\/31716\/revisions\/31718"}],"wp:featuredmedia":[{"embeddable":true,"href":"https:\/\/encuentroinformativo.com.mx\/index.php?rest_route=\/wp\/v2\/media\/31717"}],"wp:attachment":[{"href":"https:\/\/encuentroinformativo.com.mx\/index.php?rest_route=%2Fwp%2Fv2%2Fmedia&parent=31716"}],"wp:term":[{"taxonomy":"category","embeddable":true,"href":"https:\/\/encuentroinformativo.com.mx\/index.php?rest_route=%2Fwp%2Fv2%2Fcategories&post=31716"},{"taxonomy":"post_tag","embeddable":true,"href":"https:\/\/encuentroinformativo.com.mx\/index.php?rest_route=%2Fwp%2Fv2%2Ftags&post=31716"}],"curies":[{"name":"wp","href":"https:\/\/api.w.org\/{rel}","templated":true}]}}