{"id":31719,"date":"2022-09-16T12:37:25","date_gmt":"2022-09-16T17:37:25","guid":{"rendered":"https:\/\/encuentroinformativo.com.mx\/?p=31719"},"modified":"2022-09-16T12:37:28","modified_gmt":"2022-09-16T17:37:28","slug":"lluvia-no-impidio-desfile-civico-militar-en-xalapa","status":"publish","type":"post","link":"https:\/\/encuentroinformativo.com.mx\/?p=31719","title":{"rendered":"Lluvia no impidi\u00f3 desfile c\u00edvico-militar en Xalapa"},"content":{"rendered":"\n<p><strong>Juan Arcos<\/strong><\/p>\n\n\n\n<p>Xalapa, Ver.- Con espect\u00e1culo a\u00e9reo por parte de un helic\u00f3ptero de la Secretar\u00eda de Seguridad P\u00fablica (SSP) y la participaci\u00f3n de distintas corporaciones federales, estatales y municipales, se llev\u00f3 a cabo este viernes 16 de septiembre el desfile c\u00edvico militar por el 212 aniversario de la Independencia de M\u00e9xico en la ciudad de Xalapa.<\/p>\n\n\n\n<p>El helic\u00f3ptero de la SSP, a cargo de Hugo Guti\u00e9rrez Maldonado realiz\u00f3 un sobrevuelo en el primer cuadro de la capital del estado, ondeando la Bandera Mexicana, lo que llam\u00f3 la atenci\u00f3n de los espectadores.\u00a0<br>Pese a la lluvia, misma que arreciaba por algunos momentos, decenas de personas permanecieron frente al Palacio de Gobierno y sobre el parque Benito Ju\u00e1rez para disfrutar de este evento que inici\u00f3 a las diez de la ma\u00f1ana y dur\u00f3 solo 24 minutos.<\/p>\n\n\n\n<p>El desfile comenz\u00f3 con la participaci\u00f3n de 485 elementos de la Secretar\u00eda de la Defensa Nacional (Sedena) y Guardia Nacional (GN), con su banda de guerra que son\u00f3 sus cornetas y tambores.<\/p>\n\n\n\n<p>Se sumaron 22 veh\u00edculos de las distintas corporaciones de seguridad y de rescate, 21 jinetes, 599 elementos de la Secretar\u00eda de Seguridad P\u00fablica, 30 polic\u00edas municipales, 30 bomberos de Xalapa con dos de sus unidades y tres motocicletas de la Direcci\u00f3n General de Tr\u00e1nsito y Seguridad Vidal.<\/p>\n\n\n\n<p>Lucieron algunas de las unidades m\u00e1s equipadas del Grupo de Operaciones Especiales de la Fuerza Civil, cuyo equipo t\u00e1ctico de alta movilidad es de fabricaci\u00f3n israel\u00ed.<\/p>\n\n\n\n<p>Las ni\u00f1as y ni\u00f1os que estaban entre los espectadores gritaron y aplaudieron con la presencia de los elementos del Cuerpo de Bomberos de Xalapa.<\/p>\n\n\n\n<p>Uno de los elementos del Ej\u00e9rcito Mexicano dio a conocer el parte del desfile e indic\u00f3 que el recorrido se llev\u00f3 a cabo sin incidentes ni contratiempos.<\/p>\n\n\n\n<p>El gobernador de Veracruz, Cuitl\u00e1huac Garc\u00eda Jim\u00e9nez, encabez\u00f3 la ceremonia acompa\u00f1ado del los integrantes de su gabinete, quienes permanecieron en el palco colocado en bajos de Palacio de Gobierno.<\/p>\n\n\n\n<p>Se observ\u00f3 al secretario de Gobierno, Eric Patrocinio Cisneros Burgos; al secretario de Turismo, Iv\u00e1n Francisco Mart\u00ednez Olvera; al secretario de Educaci\u00f3n, Zenyazen Escobar Garc\u00eda; a la secretaria del Trabajo, Dorheny Garc\u00eda Cayetano; a la presidenta del Congreso local, Cecilia Guevara; a la presienta del Poder Judicial, In\u00e9s Romero Cruz; entre otras autoridades.<\/p>\n\n\n\n<figure class=\"wp-block-image size-large\"><img loading=\"lazy\" decoding=\"async\" width=\"1024\" height=\"576\" src=\"https:\/\/encuentroinformativo.com.mx\/wp-content\/uploads\/2022\/09\/465F7A13-B71B-46A0-A466-1B1F53E47E5F-1024x576.jpeg\" alt=\"\" class=\"wp-image-31721\" srcset=\"https:\/\/encuentroinformativo.com.mx\/wp-content\/uploads\/2022\/09\/465F7A13-B71B-46A0-A466-1B1F53E47E5F-1024x576.jpeg 1024w, https:\/\/encuentroinformativo.com.mx\/wp-content\/uploads\/2022\/09\/465F7A13-B71B-46A0-A466-1B1F53E47E5F-300x169.jpeg 300w, https:\/\/encuentroinformativo.com.mx\/wp-content\/uploads\/2022\/09\/465F7A13-B71B-46A0-A466-1B1F53E47E5F-768x432.jpeg 768w, https:\/\/encuentroinformativo.com.mx\/wp-content\/uploads\/2022\/09\/465F7A13-B71B-46A0-A466-1B1F53E47E5F-1536x864.jpeg 1536w, https:\/\/encuentroinformativo.com.mx\/wp-content\/uploads\/2022\/09\/465F7A13-B71B-46A0-A466-1B1F53E47E5F.jpeg 1760w\" sizes=\"auto, (max-width: 1024px) 100vw, 1024px\" \/><\/figure>\n\n\n\n<figure class=\"wp-block-image size-large\"><img loading=\"lazy\" decoding=\"async\" width=\"1024\" height=\"576\" src=\"https:\/\/encuentroinformativo.com.mx\/wp-content\/uploads\/2022\/09\/A374349C-37B4-4068-8C69-1A47C3879446-1024x576.jpeg\" alt=\"\" class=\"wp-image-31722\" srcset=\"https:\/\/encuentroinformativo.com.mx\/wp-content\/uploads\/2022\/09\/A374349C-37B4-4068-8C69-1A47C3879446-1024x576.jpeg 1024w, https:\/\/encuentroinformativo.com.mx\/wp-content\/uploads\/2022\/09\/A374349C-37B4-4068-8C69-1A47C3879446-300x169.jpeg 300w, https:\/\/encuentroinformativo.com.mx\/wp-content\/uploads\/2022\/09\/A374349C-37B4-4068-8C69-1A47C3879446-768x432.jpeg 768w, https:\/\/encuentroinformativo.com.mx\/wp-content\/uploads\/2022\/09\/A374349C-37B4-4068-8C69-1A47C3879446-1536x864.jpeg 1536w, https:\/\/encuentroinformativo.com.mx\/wp-content\/uploads\/2022\/09\/A374349C-37B4-4068-8C69-1A47C3879446.jpeg 1760w\" sizes=\"auto, (max-width: 1024px) 100vw, 1024px\" \/><\/figure>\n","protected":false},"excerpt":{"rendered":"<p>Juan Arcos Xalapa, Ver.- Con espect\u00e1culo a\u00e9reo por parte de un helic\u00f3ptero de la Secretar\u00eda de Seguridad P\u00fablica (SSP) y la participaci\u00f3n de distintas corporaciones federales, estatales y municipales, se llev\u00f3 a cabo este viernes 16 de septiembre el desfile c\u00edvico militar por el 212 aniversario de la Independencia de M\u00e9xico en la ciudad de [&hellip;]<\/p>\n","protected":false},"author":1,"featured_media":31720,"comment_status":"open","ping_status":"open","sticky":false,"template":"","format":"standard","meta":{"_jetpack_memberships_contains_paid_content":false,"footnotes":""},"categories":[3],"tags":[],"class_list":["post-31719","post","type-post","status-publish","format-standard","has-post-thumbnail","hentry","category-xalapa"],"jetpack_featured_media_url":"https:\/\/encuentroinformativo.com.mx\/wp-content\/uploads\/2022\/09\/34A96A61-4305-4CC1-9629-525BA2248F9C.jpeg","jetpack_sharing_enabled":true,"jetpack_likes_enabled":true,"amp_enabled":true,"_links":{"self":[{"href":"https:\/\/encuentroinformativo.com.mx\/index.php?rest_route=\/wp\/v2\/posts\/31719","targetHints":{"allow":["GET"]}}],"collection":[{"href":"https:\/\/encuentroinformativo.com.mx\/index.php?rest_route=\/wp\/v2\/posts"}],"about":[{"href":"https:\/\/encuentroinformativo.com.mx\/index.php?rest_route=\/wp\/v2\/types\/post"}],"author":[{"embeddable":true,"href":"https:\/\/encuentroinformativo.com.mx\/index.php?rest_route=\/wp\/v2\/users\/1"}],"replies":[{"embeddable":true,"href":"https:\/\/encuentroinformativo.com.mx\/index.php?rest_route=%2Fwp%2Fv2%2Fcomments&post=31719"}],"version-history":[{"count":1,"href":"https:\/\/encuentroinformativo.com.mx\/index.php?rest_route=\/wp\/v2\/posts\/31719\/revisions"}],"predecessor-version":[{"id":31723,"href":"https:\/\/encuentroinformativo.com.mx\/index.php?rest_route=\/wp\/v2\/posts\/31719\/revisions\/31723"}],"wp:featuredmedia":[{"embeddable":true,"href":"https:\/\/encuentroinformativo.com.mx\/index.php?rest_route=\/wp\/v2\/media\/31720"}],"wp:attachment":[{"href":"https:\/\/encuentroinformativo.com.mx\/index.php?rest_route=%2Fwp%2Fv2%2Fmedia&parent=31719"}],"wp:term":[{"taxonomy":"category","embeddable":true,"href":"https:\/\/encuentroinformativo.com.mx\/index.php?rest_route=%2Fwp%2Fv2%2Fcategories&post=31719"},{"taxonomy":"post_tag","embeddable":true,"href":"https:\/\/encuentroinformativo.com.mx\/index.php?rest_route=%2Fwp%2Fv2%2Ftags&post=31719"}],"curies":[{"name":"wp","href":"https:\/\/api.w.org\/{rel}","templated":true}]}}