{"id":3172,"date":"2020-06-08T11:08:29","date_gmt":"2020-06-08T16:08:29","guid":{"rendered":"https:\/\/encuentroinformativo.com\/?p=3172"},"modified":"2020-06-08T11:08:31","modified_gmt":"2020-06-08T16:08:31","slug":"familiares-reclaman-esclarecer-muerte-de-carlos-andres","status":"publish","type":"post","link":"https:\/\/encuentroinformativo.com.mx\/?p=3172","title":{"rendered":"Familiares reclaman esclarecer muerte de Carlos Andr\u00e9s"},"content":{"rendered":"\n<p><strong>*El joven perdi\u00f3 la vida en los separos del cuartel de San Jos\u00e9.<\/strong><\/p>\n\n\n\n<p><strong>Dar\u00edo Pale <\/strong><\/p>\n\n\n\n<p>Xalapa, Ver.- Familiares y amigos de Carlos Andr\u00e9s Navarro Landa, joven fallecido el dos de mayo en los separos del cuartel de San Jos\u00e9, realizan una marcha para exigir el esclarecimiento de esa muerte.<\/p>\n\n\n\n<p>Entrevistada previo a la marcha Alizet Cuevas Campos, esposa del difunto, sostuvo que Carlos Andr\u00e9s Navarro Landa \u201cfue asesinado en los separos del cuartel de San Jos\u00e9 el d\u00eda dos de mayo y desde ese entonces no tenemos respuesta de la Fiscal\u00eda General del Estado; por ello la marcha, porque queremos que nos hagan caso, porque esta muerte no puede quedar as\u00ed nada m\u00e1s\u201d.<\/p>\n\n\n\n<p>Indic\u00f3 que su esposo era serigrafista, rotulaba coches porque era dise\u00f1ador, Record\u00f3 que momentos antes de la detenci\u00f3n \u00e9l grab\u00f3 un video en su cuenta de facebook en el que solicitaba ayuda porque estaba rodeado de polic\u00edas que se lo llevaron al Cuartel de San Jos\u00e9 y horas despu\u00e9s ya estaba muerto.<\/p>\n\n\n\n<p>\u201cLa versi\u00f3n que nos dieron es que le dio un infarto, pero obviamente eso no es verdad porque cuando vimos el cuerpo estaba lleno de golpes y marcas en el cuello, en los brazos, en la cara por lo que no creemos que le haya dado un infarto y hasta ahora no tenemos un reporte cre\u00edble del motivo de la muerte\u201d, acus\u00f3.<\/p>\n\n\n\n<p>Dijo adem\u00e1s que la investigaci\u00f3n no ha avanzado y que la \u00fanica respuesta es que se debe a la crisis sanitaria que se enfrenta en el estado por el virus SARS-Cov2.<\/p>\n\n\n\n<p>\u201cNos est\u00e1n dando muchas largas, diciendo que por el COVID-19 las cosas no avanzan, pero esto tambi\u00e9n es importante porque es una vida que arrebataron los polic\u00edas\u201d, inform\u00f3 la esposa.<\/p>\n\n\n\n<p>\u201cLa macha es por la muerte de Carlos Andr\u00e9s que fue asesinado en los separos de San Jos\u00e9 desde el pasado 2 de mayo y desde entonces no tenemos la respuesta ni de la Fiscal\u00eda ni del Gobernador\u201d, acus\u00f3.<\/p>\n\n\n\n<p>Por \u00faltimo se\u00f1alaron que la marcha es desde L\u00e1zaro C\u00e1rdenas hacia Casa Veracruz para exigir un alto a los abusos policiacos, ya que recordaron que en mayo pasado Carlos fue detenido por polic\u00edas estatales en el fraccionamiento Los C\u00e1ntaros.<\/p>\n\n\n\n<p><\/p>\n","protected":false},"excerpt":{"rendered":"<p>*El joven perdi\u00f3 la vida en los separos del cuartel de San Jos\u00e9. Dar\u00edo Pale Xalapa, Ver.- Familiares y amigos de Carlos Andr\u00e9s Navarro Landa, joven fallecido el dos de mayo en los separos del cuartel de San Jos\u00e9, realizan una marcha para exigir el esclarecimiento de esa muerte. Entrevistada previo a la marcha Alizet [&hellip;]<\/p>\n","protected":false},"author":1,"featured_media":3173,"comment_status":"open","ping_status":"open","sticky":false,"template":"","format":"standard","meta":{"_jetpack_memberships_contains_paid_content":false,"footnotes":""},"categories":[3],"tags":[],"class_list":["post-3172","post","type-post","status-publish","format-standard","has-post-thumbnail","hentry","category-xalapa"],"jetpack_featured_media_url":"https:\/\/encuentroinformativo.com.mx\/wp-content\/uploads\/2020\/06\/6427C80D-9C67-4A64-988A-DC1F653977BA.jpeg","jetpack_sharing_enabled":true,"jetpack_likes_enabled":true,"amp_enabled":true,"_links":{"self":[{"href":"https:\/\/encuentroinformativo.com.mx\/index.php?rest_route=\/wp\/v2\/posts\/3172","targetHints":{"allow":["GET"]}}],"collection":[{"href":"https:\/\/encuentroinformativo.com.mx\/index.php?rest_route=\/wp\/v2\/posts"}],"about":[{"href":"https:\/\/encuentroinformativo.com.mx\/index.php?rest_route=\/wp\/v2\/types\/post"}],"author":[{"embeddable":true,"href":"https:\/\/encuentroinformativo.com.mx\/index.php?rest_route=\/wp\/v2\/users\/1"}],"replies":[{"embeddable":true,"href":"https:\/\/encuentroinformativo.com.mx\/index.php?rest_route=%2Fwp%2Fv2%2Fcomments&post=3172"}],"version-history":[{"count":1,"href":"https:\/\/encuentroinformativo.com.mx\/index.php?rest_route=\/wp\/v2\/posts\/3172\/revisions"}],"predecessor-version":[{"id":3174,"href":"https:\/\/encuentroinformativo.com.mx\/index.php?rest_route=\/wp\/v2\/posts\/3172\/revisions\/3174"}],"wp:featuredmedia":[{"embeddable":true,"href":"https:\/\/encuentroinformativo.com.mx\/index.php?rest_route=\/wp\/v2\/media\/3173"}],"wp:attachment":[{"href":"https:\/\/encuentroinformativo.com.mx\/index.php?rest_route=%2Fwp%2Fv2%2Fmedia&parent=3172"}],"wp:term":[{"taxonomy":"category","embeddable":true,"href":"https:\/\/encuentroinformativo.com.mx\/index.php?rest_route=%2Fwp%2Fv2%2Fcategories&post=3172"},{"taxonomy":"post_tag","embeddable":true,"href":"https:\/\/encuentroinformativo.com.mx\/index.php?rest_route=%2Fwp%2Fv2%2Ftags&post=3172"}],"curies":[{"name":"wp","href":"https:\/\/api.w.org\/{rel}","templated":true}]}}