{"id":31734,"date":"2022-09-16T15:59:47","date_gmt":"2022-09-16T20:59:47","guid":{"rendered":"https:\/\/encuentroinformativo.com.mx\/?p=31734"},"modified":"2022-09-16T15:59:51","modified_gmt":"2022-09-16T20:59:51","slug":"trato-preferencial-contribuye-a-desintegracion-familiar-especialista","status":"publish","type":"post","link":"https:\/\/encuentroinformativo.com.mx\/?p=31734","title":{"rendered":"Trato preferencial contribuye a desintegraci\u00f3n familiar: Especialista"},"content":{"rendered":"\n<p><strong>Juan Arcos <\/strong><\/p>\n\n\n\n<p>Xalapa, Ver.- Tres de cada diez familias sufren conflictos por el trato preferencial de los padres con ciertos hijos en el estado de Veracruz.<\/p>\n\n\n\n<p>De acuerdo con Cyta Alud\u00edn Uscanga, psic\u00f3loga y tanat\u00f3loga, los hijos que se sienten excluidos, quienes en ocasiones son menores de edad, deciden quedar en situaci\u00f3n calle, a causa de dicho problema.<\/p>\n\n\n\n<p>\u201cNosotros conversado y de cada diez familias, m\u00ednimo existen tres que tienen este problema. Un maestro coment\u00f3 que en su \u00e9poca eran ocho de cada diez\u201d, enfatiz\u00f3.<\/p>\n\n\n\n<p>La especialista detall\u00f3 que se trata de hijos \u201cincomprendidos\u201d, quienes se sienten ignorados por sus padres y sometidos a reglas muy estrictas.<\/p>\n\n\n\n<p>\u201cEn la actualidad se les llama hijos invisibles porque no tienes voz, no tienes voto, no tienes derechos, pero s\u00ed tienes muchas responsabilidades\u201d, mencion\u00f3.<\/p>\n\n\n\n<p>Adem\u00e1s, indic\u00f3 que en dicha problem\u00e1tica tambi\u00e9n influyen cuestiones machistas, en algunos casos, se obliga a las hijas a recoger los platos de sus hermanos y asumir ciertas obligaciones de ellos.<\/p>\n\n\n\n<p>\u201cTodav\u00eda existe todo eso, el machismo comienza en casa. La mujer es m\u00e1s mis\u00f3gina que el hombre y esa selecci\u00f3n de alguien privilegiado que recibe el poder y la credibilidad es el grande problema social\u201d, a\u00f1adi\u00f3 la entrevistada.<\/p>\n","protected":false},"excerpt":{"rendered":"<p>Juan Arcos Xalapa, Ver.- Tres de cada diez familias sufren conflictos por el trato preferencial de los padres con ciertos hijos en el estado de Veracruz. De acuerdo con Cyta Alud\u00edn Uscanga, psic\u00f3loga y tanat\u00f3loga, los hijos que se sienten excluidos, quienes en ocasiones son menores de edad, deciden quedar en situaci\u00f3n calle, a causa [&hellip;]<\/p>\n","protected":false},"author":1,"featured_media":31735,"comment_status":"open","ping_status":"open","sticky":false,"template":"","format":"standard","meta":{"_jetpack_memberships_contains_paid_content":false,"footnotes":""},"categories":[3],"tags":[],"class_list":["post-31734","post","type-post","status-publish","format-standard","has-post-thumbnail","hentry","category-xalapa"],"jetpack_featured_media_url":"https:\/\/encuentroinformativo.com.mx\/wp-content\/uploads\/2022\/09\/6B609491-D1F1-41F1-B2F8-9B6BFF86539F.jpeg","jetpack_sharing_enabled":true,"jetpack_likes_enabled":true,"amp_enabled":true,"_links":{"self":[{"href":"https:\/\/encuentroinformativo.com.mx\/index.php?rest_route=\/wp\/v2\/posts\/31734","targetHints":{"allow":["GET"]}}],"collection":[{"href":"https:\/\/encuentroinformativo.com.mx\/index.php?rest_route=\/wp\/v2\/posts"}],"about":[{"href":"https:\/\/encuentroinformativo.com.mx\/index.php?rest_route=\/wp\/v2\/types\/post"}],"author":[{"embeddable":true,"href":"https:\/\/encuentroinformativo.com.mx\/index.php?rest_route=\/wp\/v2\/users\/1"}],"replies":[{"embeddable":true,"href":"https:\/\/encuentroinformativo.com.mx\/index.php?rest_route=%2Fwp%2Fv2%2Fcomments&post=31734"}],"version-history":[{"count":1,"href":"https:\/\/encuentroinformativo.com.mx\/index.php?rest_route=\/wp\/v2\/posts\/31734\/revisions"}],"predecessor-version":[{"id":31736,"href":"https:\/\/encuentroinformativo.com.mx\/index.php?rest_route=\/wp\/v2\/posts\/31734\/revisions\/31736"}],"wp:featuredmedia":[{"embeddable":true,"href":"https:\/\/encuentroinformativo.com.mx\/index.php?rest_route=\/wp\/v2\/media\/31735"}],"wp:attachment":[{"href":"https:\/\/encuentroinformativo.com.mx\/index.php?rest_route=%2Fwp%2Fv2%2Fmedia&parent=31734"}],"wp:term":[{"taxonomy":"category","embeddable":true,"href":"https:\/\/encuentroinformativo.com.mx\/index.php?rest_route=%2Fwp%2Fv2%2Fcategories&post=31734"},{"taxonomy":"post_tag","embeddable":true,"href":"https:\/\/encuentroinformativo.com.mx\/index.php?rest_route=%2Fwp%2Fv2%2Ftags&post=31734"}],"curies":[{"name":"wp","href":"https:\/\/api.w.org\/{rel}","templated":true}]}}