{"id":31737,"date":"2022-09-16T20:12:07","date_gmt":"2022-09-17T01:12:07","guid":{"rendered":"https:\/\/encuentroinformativo.com.mx\/?p=31737"},"modified":"2022-09-16T20:12:11","modified_gmt":"2022-09-17T01:12:11","slug":"por-afectaciones-alvaradenos-claman-apoyo-a-traves-de-redes-sociales","status":"publish","type":"post","link":"https:\/\/encuentroinformativo.com.mx\/?p=31737","title":{"rendered":"Por afectaciones, alvarade\u00f1os claman apoyo a trav\u00e9s de redes sociales"},"content":{"rendered":"\n<p><strong>Alejandro \u00c1vila<\/strong><\/p>\n\n\n\n<p>Alvarado, Ver.- A trav\u00e9s de redes sociales los ciudadanos de las colonias de la cabecera municipal de Alvarado claman el apoyo del Gobierno del Estado, tras la inundaci\u00f3n sufrida la tarde de este viernes.<\/p>\n\n\n\n<p>Sin un reporte oficial por parte del Ayuntamiento, en redes sociales diversos ciudadanos han publicado las afectaciones en la cabecera municipal.<\/p>\n\n\n\n<p>En la calle Rockefeller, justo donde se encuentra el colector pluvial, comercios y viviendas se vieron afectadas, incluso, en algunos tramos, a los ciudadanos le llegaba el agua a la cintura.<\/p>\n\n\n\n<p>El \u00fanico informe que dio el Ayuntamiento de Alvarado este 16 de septiembre, fue el anuncio de la suspensi\u00f3n de la energ\u00eda el\u00e9ctrica en las colonias Paso Nacional, La Trocha y Las Escolleras, a partir de las 6 de la tarde.<\/p>\n\n\n\n<p>Los ciudadanos reportaron la ca\u00edda de la barda de la escuela &#8220;Mar\u00eda Dolores Mojica&#8221; sobre la calle Benito Ju\u00e1rez, este derrumbe cay\u00f3 sobre un veh\u00edculo y dej\u00f3 la calle bloqueada.<\/p>\n\n\n\n<p>Las instalaciones de la Comisi\u00f3n Federal de Electricidad (CFE), ubicada sobre la calle Llave y Matamoros, quedaron totalmente inundadas.<\/p>\n\n\n\n<p>En las colonias La Playa y Vista Hermosa, ciudadanos mostraron im\u00e1genes de los deslaves e inundaciones en viviendas.<\/p>\n\n\n\n<p>A las 20 horas de este viernes 16 de septiembre, el Ayuntamiento de Alvarado no hab\u00eda dado un reporte puntual de las afectaciones; sin embargo, se pudo conocer que el Consejo Municipal de Protecci\u00f3n Civil ya se encontraba sesionando, buscando las alternativas para darle atenci\u00f3n a los ciudadanos.<\/p>\n\n\n\n<figure class=\"wp-block-image size-large\"><img loading=\"lazy\" decoding=\"async\" width=\"576\" height=\"1024\" src=\"https:\/\/encuentroinformativo.com.mx\/wp-content\/uploads\/2022\/09\/685DC4FC-00FD-47DD-9572-E58D532F9581-576x1024.jpeg\" alt=\"\" class=\"wp-image-31739\" srcset=\"https:\/\/encuentroinformativo.com.mx\/wp-content\/uploads\/2022\/09\/685DC4FC-00FD-47DD-9572-E58D532F9581-576x1024.jpeg 576w, https:\/\/encuentroinformativo.com.mx\/wp-content\/uploads\/2022\/09\/685DC4FC-00FD-47DD-9572-E58D532F9581-169x300.jpeg 169w, https:\/\/encuentroinformativo.com.mx\/wp-content\/uploads\/2022\/09\/685DC4FC-00FD-47DD-9572-E58D532F9581.jpeg 720w\" sizes=\"auto, (max-width: 576px) 100vw, 576px\" \/><\/figure>\n","protected":false},"excerpt":{"rendered":"<p>Alejandro \u00c1vila Alvarado, Ver.- A trav\u00e9s de redes sociales los ciudadanos de las colonias de la cabecera municipal de Alvarado claman el apoyo del Gobierno del Estado, tras la inundaci\u00f3n sufrida la tarde de este viernes. Sin un reporte oficial por parte del Ayuntamiento, en redes sociales diversos ciudadanos han publicado las afectaciones en la [&hellip;]<\/p>\n","protected":false},"author":1,"featured_media":31738,"comment_status":"open","ping_status":"open","sticky":false,"template":"","format":"standard","meta":{"_jetpack_memberships_contains_paid_content":false,"footnotes":""},"categories":[2],"tags":[],"class_list":["post-31737","post","type-post","status-publish","format-standard","has-post-thumbnail","hentry","category-estado"],"jetpack_featured_media_url":"https:\/\/encuentroinformativo.com.mx\/wp-content\/uploads\/2022\/09\/5DEEFD2D-D34E-495F-BA7F-8153BC468A14.jpeg","jetpack_sharing_enabled":true,"jetpack_likes_enabled":true,"amp_enabled":true,"_links":{"self":[{"href":"https:\/\/encuentroinformativo.com.mx\/index.php?rest_route=\/wp\/v2\/posts\/31737","targetHints":{"allow":["GET"]}}],"collection":[{"href":"https:\/\/encuentroinformativo.com.mx\/index.php?rest_route=\/wp\/v2\/posts"}],"about":[{"href":"https:\/\/encuentroinformativo.com.mx\/index.php?rest_route=\/wp\/v2\/types\/post"}],"author":[{"embeddable":true,"href":"https:\/\/encuentroinformativo.com.mx\/index.php?rest_route=\/wp\/v2\/users\/1"}],"replies":[{"embeddable":true,"href":"https:\/\/encuentroinformativo.com.mx\/index.php?rest_route=%2Fwp%2Fv2%2Fcomments&post=31737"}],"version-history":[{"count":1,"href":"https:\/\/encuentroinformativo.com.mx\/index.php?rest_route=\/wp\/v2\/posts\/31737\/revisions"}],"predecessor-version":[{"id":31740,"href":"https:\/\/encuentroinformativo.com.mx\/index.php?rest_route=\/wp\/v2\/posts\/31737\/revisions\/31740"}],"wp:featuredmedia":[{"embeddable":true,"href":"https:\/\/encuentroinformativo.com.mx\/index.php?rest_route=\/wp\/v2\/media\/31738"}],"wp:attachment":[{"href":"https:\/\/encuentroinformativo.com.mx\/index.php?rest_route=%2Fwp%2Fv2%2Fmedia&parent=31737"}],"wp:term":[{"taxonomy":"category","embeddable":true,"href":"https:\/\/encuentroinformativo.com.mx\/index.php?rest_route=%2Fwp%2Fv2%2Fcategories&post=31737"},{"taxonomy":"post_tag","embeddable":true,"href":"https:\/\/encuentroinformativo.com.mx\/index.php?rest_route=%2Fwp%2Fv2%2Ftags&post=31737"}],"curies":[{"name":"wp","href":"https:\/\/api.w.org\/{rel}","templated":true}]}}