{"id":31741,"date":"2022-09-17T12:33:26","date_gmt":"2022-09-17T17:33:26","guid":{"rendered":"https:\/\/encuentroinformativo.com.mx\/?p=31741"},"modified":"2022-09-17T12:33:30","modified_gmt":"2022-09-17T17:33:30","slug":"activan-plan-marina-y-tajin-para-alvarado-2-mil-familias-afectadas","status":"publish","type":"post","link":"https:\/\/encuentroinformativo.com.mx\/?p=31741","title":{"rendered":"Activan Plan Marina y Taj\u00edn para Alvarado, 2 mil familias afectadas"},"content":{"rendered":"\n<p><strong>Alejandro \u00c1vila<\/strong><\/p>\n\n\n\n<p>Alvarado, Ver.- Tras la sesi\u00f3n extraordinaria del Consejo Municipal de Protecci\u00f3n Civil en Alvarado, se tuvo un registro de 2 mil familias afectadas por las fuerte lluvia que azot\u00f3 la ciudad la tarde este viernes.<\/p>\n\n\n\n<p>Ante esta situaci\u00f3n y con el apoyo de la SEMAR y Gobierno del Estado, se decidi\u00f3 implementar el Plan Marina y Plan Taj\u00edn, para brindarle apoyo a todas las familias damnificadas.<\/p>\n\n\n\n<p>La reuni\u00f3n fue encabezada por la alcaldesa, Lizzette Alvarez Vera; el director de la Fuerza Civil, Rafael&nbsp; Gonz\u00e1lez Uscanga; el representante de Capitan\u00eda de Puerto, Daniel Alfonso Garc\u00eda L\u00f3pez; adem\u00e1s de elementos de Cruz Roja y Protecci\u00f3n Civil Municipal.<\/p>\n\n\n\n<p>La edil dijo que, al corte del viernes 16 de septiembre por la noche, se tiene el reporte preliminar de casi&nbsp; 2 mil familias afectadas.<\/p>\n\n\n\n<p>Las colonias que presentan m\u00e1s da\u00f1os&nbsp; son: zonas de playa,&nbsp; La Trocha, Escolleras, Buena Vista, Aneas, Las Fuentes, zona centro en la cabecera municipal; y se inform\u00f3 que, tambi\u00e9n hay socavones que est\u00e1n afectando las v\u00edas de comunicaci\u00f3n en la zona norte.<\/p>\n\n\n\n<p>Se detall\u00f3 que existe un socav\u00f3n en el libramiento de Ant\u00f3n Lizardo, el tramo de la carretera federal 180 a la altura del parque deportivo &#8220;Miguel Alem\u00e1n&#8221;, present\u00f3 problemas a la circulaci\u00f3n vehicular por desgajamiento, del tramo carretero de Chocot\u00e1n a Buena Vista, la carretera en ambos sentidos no tiene circulaci\u00f3n en el reciente reporte.<\/p>\n\n\n\n<p>Rafael Gonz\u00e1lez Uscanga, en representaci\u00f3n del gobernador, Cuitl\u00e1huac Garc\u00eda Jim\u00e9nez, y del secretario de Seguridad P\u00fablica, Hugo Guti\u00e9rrez Maldonado precis\u00f3 que, se tomaron acciones para enfrentar la situaci\u00f3n que vive el municipio, por lo que se implementar\u00e1 el programa Taj\u00edn, hasta que se normalice la situaci\u00f3n.<\/p>\n\n\n\n<p>Los refugios temporales est\u00e1n operando en los planteles educativos: CETMAR, T\u00e9cnica Pesquera, Benito Ju\u00e1rez y Carlos A. Ram\u00f3n.<\/p>\n","protected":false},"excerpt":{"rendered":"<p>Alejandro \u00c1vila Alvarado, Ver.- Tras la sesi\u00f3n extraordinaria del Consejo Municipal de Protecci\u00f3n Civil en Alvarado, se tuvo un registro de 2 mil familias afectadas por las fuerte lluvia que azot\u00f3 la ciudad la tarde este viernes. Ante esta situaci\u00f3n y con el apoyo de la SEMAR y Gobierno del Estado, se decidi\u00f3 implementar el [&hellip;]<\/p>\n","protected":false},"author":1,"featured_media":31742,"comment_status":"open","ping_status":"open","sticky":false,"template":"","format":"standard","meta":{"_jetpack_memberships_contains_paid_content":false,"footnotes":""},"categories":[2],"tags":[],"class_list":["post-31741","post","type-post","status-publish","format-standard","has-post-thumbnail","hentry","category-estado"],"jetpack_featured_media_url":"https:\/\/encuentroinformativo.com.mx\/wp-content\/uploads\/2022\/09\/FD720917-7E48-40DD-82FD-D9333A52269D.jpeg","jetpack_sharing_enabled":true,"jetpack_likes_enabled":true,"amp_enabled":true,"_links":{"self":[{"href":"https:\/\/encuentroinformativo.com.mx\/index.php?rest_route=\/wp\/v2\/posts\/31741","targetHints":{"allow":["GET"]}}],"collection":[{"href":"https:\/\/encuentroinformativo.com.mx\/index.php?rest_route=\/wp\/v2\/posts"}],"about":[{"href":"https:\/\/encuentroinformativo.com.mx\/index.php?rest_route=\/wp\/v2\/types\/post"}],"author":[{"embeddable":true,"href":"https:\/\/encuentroinformativo.com.mx\/index.php?rest_route=\/wp\/v2\/users\/1"}],"replies":[{"embeddable":true,"href":"https:\/\/encuentroinformativo.com.mx\/index.php?rest_route=%2Fwp%2Fv2%2Fcomments&post=31741"}],"version-history":[{"count":1,"href":"https:\/\/encuentroinformativo.com.mx\/index.php?rest_route=\/wp\/v2\/posts\/31741\/revisions"}],"predecessor-version":[{"id":31743,"href":"https:\/\/encuentroinformativo.com.mx\/index.php?rest_route=\/wp\/v2\/posts\/31741\/revisions\/31743"}],"wp:featuredmedia":[{"embeddable":true,"href":"https:\/\/encuentroinformativo.com.mx\/index.php?rest_route=\/wp\/v2\/media\/31742"}],"wp:attachment":[{"href":"https:\/\/encuentroinformativo.com.mx\/index.php?rest_route=%2Fwp%2Fv2%2Fmedia&parent=31741"}],"wp:term":[{"taxonomy":"category","embeddable":true,"href":"https:\/\/encuentroinformativo.com.mx\/index.php?rest_route=%2Fwp%2Fv2%2Fcategories&post=31741"},{"taxonomy":"post_tag","embeddable":true,"href":"https:\/\/encuentroinformativo.com.mx\/index.php?rest_route=%2Fwp%2Fv2%2Ftags&post=31741"}],"curies":[{"name":"wp","href":"https:\/\/api.w.org\/{rel}","templated":true}]}}