{"id":31747,"date":"2022-09-17T15:01:41","date_gmt":"2022-09-17T20:01:41","guid":{"rendered":"https:\/\/encuentroinformativo.com.mx\/?p=31747"},"modified":"2022-09-17T15:01:45","modified_gmt":"2022-09-17T20:01:45","slug":"aplicaran-segunda-dosis-de-vacunas-para-menores-de-11-anos","status":"publish","type":"post","link":"https:\/\/encuentroinformativo.com.mx\/?p=31747","title":{"rendered":"Aplicar\u00e1n segunda dosis de vacunas para menores de 11 a\u00f1os"},"content":{"rendered":"\n<p><strong>Dar\u00edo Pale <\/strong><\/p>\n\n\n\n<p>Xalapa, Ver.- El delegado de los programas del Bienestar, Manuel Huerta Ladr\u00f3n de Guevara dio a conocer que se aplicar\u00e1 la primera dosis y segunda dosis para ni\u00f1os de cinco a 11 a\u00f1os en m\u00e1s de una decena de municipios, entre ellos Xalapa, Veracruz y Boca del R\u00edo, esto a partir de lunes 19 de septiembre y hasta el viernes 23.<\/p>\n\n\n\n<p>Explic\u00f3 que se aplicar\u00e1 en primera dosis para menores de cinco a 11 a\u00f1os y segunda dosis para adolescentes 12 al 17 en los municipios de Texcatepec., Coautitl\u00e1n, Cuichapa, Jamapa, Texistepec, Zaragoza y Moloac\u00e1n&nbsp; los d\u00edas 19 y 20; y el d\u00eda martes 20 ser\u00e1 el \u00fanico d\u00eda que estar\u00e1n en Colipa.<\/p>\n\n\n\n<p>\u201cYa con esto nos van a faltar solamente 20 municipios de primera dosis de cinco a 12 a\u00f1os\u201d, se\u00f1al\u00f3.<\/p>\n\n\n\n<p>Respecto de la segunda dosis para ni\u00f1os de cinco a 11 a\u00f1os, explic\u00f3 que se aplicar\u00e1 del 19 al 23 de septiembre en los municipios de Veracruz y Boca del R\u00edo; y en Xalapa del 20 al 23.<\/p>\n\n\n\n<p>El lunes se inicia en las sedes de Veracruz -Boca del R\u00edo en el Pirata Fuentes, as\u00ed como en el Instituto Tecnol\u00f3gico Campus Veracruz y concluye el viernes 23 de septiembre; en el caso de \u00c1gora y Campo Deportivo Amapolas atender\u00e1n a los ni\u00f1os de lunes a jueves, \u201cser\u00e1 un d\u00eda menos\u201d.<\/p>\n\n\n\n<p>En Xalapa la vacunaci\u00f3n empieza el martes 20, al viernes 23 en las sedes de Torre el Olmo, Gimnasio Omega y la Facultad de Medicina de Ciencias de la Salud, adem\u00e1s de que el viernes personal de las Brigadas Correcamino instalar\u00e1n un m\u00f3dulo en el Sal\u00f3n Ejidal del Castillo.<\/p>\n","protected":false},"excerpt":{"rendered":"<p>Dar\u00edo Pale Xalapa, Ver.- El delegado de los programas del Bienestar, Manuel Huerta Ladr\u00f3n de Guevara dio a conocer que se aplicar\u00e1 la primera dosis y segunda dosis para ni\u00f1os de cinco a 11 a\u00f1os en m\u00e1s de una decena de municipios, entre ellos Xalapa, Veracruz y Boca del R\u00edo, esto a partir de lunes [&hellip;]<\/p>\n","protected":false},"author":1,"featured_media":28122,"comment_status":"open","ping_status":"open","sticky":false,"template":"","format":"standard","meta":{"_jetpack_memberships_contains_paid_content":false,"footnotes":""},"categories":[9],"tags":[],"class_list":["post-31747","post","type-post","status-publish","format-standard","has-post-thumbnail","hentry","category-salud"],"jetpack_featured_media_url":"https:\/\/encuentroinformativo.com.mx\/wp-content\/uploads\/2022\/06\/590183CF-86F8-477F-B29F-D51781CE0075.jpeg","jetpack_sharing_enabled":true,"jetpack_likes_enabled":true,"amp_enabled":true,"_links":{"self":[{"href":"https:\/\/encuentroinformativo.com.mx\/index.php?rest_route=\/wp\/v2\/posts\/31747","targetHints":{"allow":["GET"]}}],"collection":[{"href":"https:\/\/encuentroinformativo.com.mx\/index.php?rest_route=\/wp\/v2\/posts"}],"about":[{"href":"https:\/\/encuentroinformativo.com.mx\/index.php?rest_route=\/wp\/v2\/types\/post"}],"author":[{"embeddable":true,"href":"https:\/\/encuentroinformativo.com.mx\/index.php?rest_route=\/wp\/v2\/users\/1"}],"replies":[{"embeddable":true,"href":"https:\/\/encuentroinformativo.com.mx\/index.php?rest_route=%2Fwp%2Fv2%2Fcomments&post=31747"}],"version-history":[{"count":1,"href":"https:\/\/encuentroinformativo.com.mx\/index.php?rest_route=\/wp\/v2\/posts\/31747\/revisions"}],"predecessor-version":[{"id":31748,"href":"https:\/\/encuentroinformativo.com.mx\/index.php?rest_route=\/wp\/v2\/posts\/31747\/revisions\/31748"}],"wp:featuredmedia":[{"embeddable":true,"href":"https:\/\/encuentroinformativo.com.mx\/index.php?rest_route=\/wp\/v2\/media\/28122"}],"wp:attachment":[{"href":"https:\/\/encuentroinformativo.com.mx\/index.php?rest_route=%2Fwp%2Fv2%2Fmedia&parent=31747"}],"wp:term":[{"taxonomy":"category","embeddable":true,"href":"https:\/\/encuentroinformativo.com.mx\/index.php?rest_route=%2Fwp%2Fv2%2Fcategories&post=31747"},{"taxonomy":"post_tag","embeddable":true,"href":"https:\/\/encuentroinformativo.com.mx\/index.php?rest_route=%2Fwp%2Fv2%2Ftags&post=31747"}],"curies":[{"name":"wp","href":"https:\/\/api.w.org\/{rel}","templated":true}]}}