{"id":31749,"date":"2022-09-17T15:21:41","date_gmt":"2022-09-17T20:21:41","guid":{"rendered":"https:\/\/encuentroinformativo.com.mx\/?p=31749"},"modified":"2022-09-17T15:21:45","modified_gmt":"2022-09-17T20:21:45","slug":"niega-sev-desercion-escolar-en-nivel-basico","status":"publish","type":"post","link":"https:\/\/encuentroinformativo.com.mx\/?p=31749","title":{"rendered":"Niega SEV deserci\u00f3n escolar en nivel b\u00e1sico"},"content":{"rendered":"\n<p><strong>Dar\u00edo Pale <\/strong><\/p>\n\n\n\n<p>Xalapa, Ver.- Califica como \u201caventurada\u201d la declaraci\u00f3n del director del Instituto Veracruzano de Educaci\u00f3n para los Adultos (IVEA), H\u00e9ctor Amezcua Cardiel, luego de que afirm\u00f3 que cerca de 200 mil alumnos de nivel b\u00e1sico abandonaron la escuela durante la pandemia, as\u00ed lo se\u00f1al\u00f3 el secretario de Educaci\u00f3n de Veracruz, Zenyazen Roberto Escobar Garc\u00eda.<\/p>\n\n\n\n<p>En entrevista el funcionario estatal, intent\u00f3 minimizar lo dicho por el funcionario del Instituto Veracruzano de Educaci\u00f3n para los Adultos, al se\u00f1alar que siguen abiertas las inscripciones de nivel b\u00e1sico, por lo que la matr\u00edcula puede crecer.<\/p>\n\n\n\n<p>Lo anterior se debe a que recientemente H\u00e9ctor Amezcua Cardiel, director del Instituto Veracruzano de Educaci\u00f3n para los Adultos (IVEA), dijo que cerca de 200 mil estudiantes veracruzanos de nivel b\u00e1sico abandonaron la escuela durante la pandemia generada por covid-19.<\/p>\n\n\n\n<p>\u201cNo hay cifras exactas, pero la Unesco marca una deserci\u00f3n del 10 a 12 por ciento en educaci\u00f3n primaria y secundaria y en Veracruz hablamos de 180 a 200 mil j\u00f3venes y nosotros podemos ofrecerles alternativas\u201d, confirm\u00f3 en entrevista.<\/p>\n\n\n\n<p>Por lo que el titular de la SEV coment\u00f3 que, \u201ces aventurado que el IVEA d\u00e9 esos n\u00fameros, si todav\u00eda tenemos hasta octubre para inscribir a los j\u00f3venes, yo creo que est\u00e1 un poco desfasado\u201d.<\/p>\n\n\n\n<p>Record\u00f3 que recientemente se ofreci\u00f3 una conferencia de prensa en la que se explic\u00f3 cu\u00e1l es la ruta que se est\u00e1 siguiendo con la idea de incorporar a los ni\u00f1os que incluye, entre otras acciones, permitir la inscripci\u00f3n hasta el mes de octubre.<\/p>\n\n\n\n<p>Seg\u00fan el anuario estad\u00edstico de la SEV en el ciclo escolar 2018-2019 cuando Morena lleg\u00f3 al gobierno se registraron un mill\u00f3n 513 mil 989 alumnos de preescolar, primaria y secundaria; para el ciclo 2021-2022, que concluy\u00f3 en el mes de julio- el n\u00famero se report\u00f3 en un mill\u00f3n 138 mil 487 alumnos de educaci\u00f3n b\u00e1sica, lo que implica un decrecimiento de 133 mil 531 alumnos.<\/p>\n\n\n\n<p>Al inicio del ciclo escolar el propio Escobar Garc\u00eda anunci\u00f3 que la matr\u00edcula del ciclo 2022-2023 era de un mill\u00f3n 349 mil 290 alumnos. Esa cifra refleja que otros 31 mil 197 ni\u00f1os no se inscribieron al nuevo ciclo escolar.<\/p>\n\n\n\n<p>Por \u00faltimo coment\u00f3 que, desde el ciclo escolar 2018-2019 a la fecha ha disminuido la matr\u00edcula escolar en 164 mil 728&nbsp; alumnos que dejaron de asistir a las aulas; fue en marzo del 2020 cuando se inici\u00f3 con la educaci\u00f3n en l\u00ednea por la pandemia del virus SARS CoV-2.<\/p>\n","protected":false},"excerpt":{"rendered":"<p>Dar\u00edo Pale Xalapa, Ver.- Califica como \u201caventurada\u201d la declaraci\u00f3n del director del Instituto Veracruzano de Educaci\u00f3n para los Adultos (IVEA), H\u00e9ctor Amezcua Cardiel, luego de que afirm\u00f3 que cerca de 200 mil alumnos de nivel b\u00e1sico abandonaron la escuela durante la pandemia, as\u00ed lo se\u00f1al\u00f3 el secretario de Educaci\u00f3n de Veracruz, Zenyazen Roberto Escobar Garc\u00eda. [&hellip;]<\/p>\n","protected":false},"author":1,"featured_media":31750,"comment_status":"open","ping_status":"open","sticky":false,"template":"","format":"standard","meta":{"_jetpack_memberships_contains_paid_content":false,"footnotes":""},"categories":[2],"tags":[],"class_list":["post-31749","post","type-post","status-publish","format-standard","has-post-thumbnail","hentry","category-estado"],"jetpack_featured_media_url":"https:\/\/encuentroinformativo.com.mx\/wp-content\/uploads\/2022\/09\/41543A7C-36D6-492E-AEB3-510AA58BC28F.jpeg","jetpack_sharing_enabled":true,"jetpack_likes_enabled":true,"amp_enabled":true,"_links":{"self":[{"href":"https:\/\/encuentroinformativo.com.mx\/index.php?rest_route=\/wp\/v2\/posts\/31749","targetHints":{"allow":["GET"]}}],"collection":[{"href":"https:\/\/encuentroinformativo.com.mx\/index.php?rest_route=\/wp\/v2\/posts"}],"about":[{"href":"https:\/\/encuentroinformativo.com.mx\/index.php?rest_route=\/wp\/v2\/types\/post"}],"author":[{"embeddable":true,"href":"https:\/\/encuentroinformativo.com.mx\/index.php?rest_route=\/wp\/v2\/users\/1"}],"replies":[{"embeddable":true,"href":"https:\/\/encuentroinformativo.com.mx\/index.php?rest_route=%2Fwp%2Fv2%2Fcomments&post=31749"}],"version-history":[{"count":1,"href":"https:\/\/encuentroinformativo.com.mx\/index.php?rest_route=\/wp\/v2\/posts\/31749\/revisions"}],"predecessor-version":[{"id":31751,"href":"https:\/\/encuentroinformativo.com.mx\/index.php?rest_route=\/wp\/v2\/posts\/31749\/revisions\/31751"}],"wp:featuredmedia":[{"embeddable":true,"href":"https:\/\/encuentroinformativo.com.mx\/index.php?rest_route=\/wp\/v2\/media\/31750"}],"wp:attachment":[{"href":"https:\/\/encuentroinformativo.com.mx\/index.php?rest_route=%2Fwp%2Fv2%2Fmedia&parent=31749"}],"wp:term":[{"taxonomy":"category","embeddable":true,"href":"https:\/\/encuentroinformativo.com.mx\/index.php?rest_route=%2Fwp%2Fv2%2Fcategories&post=31749"},{"taxonomy":"post_tag","embeddable":true,"href":"https:\/\/encuentroinformativo.com.mx\/index.php?rest_route=%2Fwp%2Fv2%2Ftags&post=31749"}],"curies":[{"name":"wp","href":"https:\/\/api.w.org\/{rel}","templated":true}]}}