{"id":3175,"date":"2020-06-08T13:11:14","date_gmt":"2020-06-08T18:11:14","guid":{"rendered":"https:\/\/encuentroinformativo.com\/?p=3175"},"modified":"2020-06-08T13:11:16","modified_gmt":"2020-06-08T18:11:16","slug":"clientes-acusan-operacion-de-carteristas-en-centro-comercial","status":"publish","type":"post","link":"https:\/\/encuentroinformativo.com.mx\/?p=3175","title":{"rendered":"Clientes acusan operaci\u00f3n de carteristas en centro comercial"},"content":{"rendered":"\n<p><strong>Juan Arcos <\/strong><\/p>\n\n\n\n<p>Xalapa, Ver.- Una mujer de la tercera edad, de identidad resguardada, denunci\u00f3 que fue v\u00edctima de robo por parte de carteristas al interior de la tienda Walmart, ubicada en la Plaza Patio, en la zona de Arco Sur.<\/p>\n\n\n\n<p>La se\u00f1ora detall\u00f3 que los hechos ocurrieron alrededor de las 16:00 horas del domingo 7 de junio.<\/p>\n\n\n\n<p>Ella se encontraba en el \u00e1rea de carnes cuando una se\u00f1ora de unos 45 a\u00f1os se le acerc\u00f3 para preguntarle su opini\u00f3n sobre ciertos cortes.<\/p>\n\n\n\n<p>En ese momento, un joven de 20 a\u00f1os pas\u00f3 muy cerca de ella, como si llevara mucha prisa.<\/p>\n\n\n\n<p>Sin embargo, la v\u00edctima no se percat\u00f3 de nada extra\u00f1o, ni se dio cuenta que le hab\u00edan robado. Sigui\u00f3 con sus compras de manera normal.<\/p>\n\n\n\n<p>Fue en la zona de cajas, donde se dio cuenta que no ten\u00eda su cartera para pagar su despensa, por lo que se dirigi\u00f3 al Departamento de Servicio al Cliente.<\/p>\n\n\n\n<p>\u201cAh\u00ed me dijeron que iban a ver las c\u00e1maras de videovigilancia, pero que si eran carteristas ya no pod\u00edan hacer nada, porque ellos entran y en cuesti\u00f3n de segundos te roban y se salen\u201d.<\/p>\n\n\n\n<p>A la mujer no le permitieron ver los videos de las c\u00e1maras para tener la imagen de los ladrones y as\u00ed interponer una denuncia en la Fiscal\u00eda General del Estado (FGE).<\/p>\n\n\n\n<p><\/p>\n","protected":false},"excerpt":{"rendered":"<p>Juan Arcos Xalapa, Ver.- Una mujer de la tercera edad, de identidad resguardada, denunci\u00f3 que fue v\u00edctima de robo por parte de carteristas al interior de la tienda Walmart, ubicada en la Plaza Patio, en la zona de Arco Sur. La se\u00f1ora detall\u00f3 que los hechos ocurrieron alrededor de las 16:00 horas del domingo 7 [&hellip;]<\/p>\n","protected":false},"author":1,"featured_media":3176,"comment_status":"open","ping_status":"open","sticky":false,"template":"","format":"standard","meta":{"_jetpack_memberships_contains_paid_content":false,"footnotes":""},"categories":[3],"tags":[],"class_list":["post-3175","post","type-post","status-publish","format-standard","has-post-thumbnail","hentry","category-xalapa"],"jetpack_featured_media_url":"https:\/\/encuentroinformativo.com.mx\/wp-content\/uploads\/2020\/06\/DD91799C-9A17-4FE2-A696-695A97DD96D7.jpeg","jetpack_sharing_enabled":true,"jetpack_likes_enabled":true,"amp_enabled":true,"_links":{"self":[{"href":"https:\/\/encuentroinformativo.com.mx\/index.php?rest_route=\/wp\/v2\/posts\/3175","targetHints":{"allow":["GET"]}}],"collection":[{"href":"https:\/\/encuentroinformativo.com.mx\/index.php?rest_route=\/wp\/v2\/posts"}],"about":[{"href":"https:\/\/encuentroinformativo.com.mx\/index.php?rest_route=\/wp\/v2\/types\/post"}],"author":[{"embeddable":true,"href":"https:\/\/encuentroinformativo.com.mx\/index.php?rest_route=\/wp\/v2\/users\/1"}],"replies":[{"embeddable":true,"href":"https:\/\/encuentroinformativo.com.mx\/index.php?rest_route=%2Fwp%2Fv2%2Fcomments&post=3175"}],"version-history":[{"count":1,"href":"https:\/\/encuentroinformativo.com.mx\/index.php?rest_route=\/wp\/v2\/posts\/3175\/revisions"}],"predecessor-version":[{"id":3177,"href":"https:\/\/encuentroinformativo.com.mx\/index.php?rest_route=\/wp\/v2\/posts\/3175\/revisions\/3177"}],"wp:featuredmedia":[{"embeddable":true,"href":"https:\/\/encuentroinformativo.com.mx\/index.php?rest_route=\/wp\/v2\/media\/3176"}],"wp:attachment":[{"href":"https:\/\/encuentroinformativo.com.mx\/index.php?rest_route=%2Fwp%2Fv2%2Fmedia&parent=3175"}],"wp:term":[{"taxonomy":"category","embeddable":true,"href":"https:\/\/encuentroinformativo.com.mx\/index.php?rest_route=%2Fwp%2Fv2%2Fcategories&post=3175"},{"taxonomy":"post_tag","embeddable":true,"href":"https:\/\/encuentroinformativo.com.mx\/index.php?rest_route=%2Fwp%2Fv2%2Ftags&post=3175"}],"curies":[{"name":"wp","href":"https:\/\/api.w.org\/{rel}","templated":true}]}}