{"id":31766,"date":"2022-09-19T11:44:56","date_gmt":"2022-09-19T16:44:56","guid":{"rendered":"https:\/\/encuentroinformativo.com.mx\/?p=31766"},"modified":"2022-09-19T11:45:00","modified_gmt":"2022-09-19T16:45:00","slug":"disminuyen-incendios-forestales-en-20-conafor","status":"publish","type":"post","link":"https:\/\/encuentroinformativo.com.mx\/?p=31766","title":{"rendered":"Disminuyen incendios forestales en 20%: CONAFOR"},"content":{"rendered":"\n<p><strong>Dar\u00edo Pale<\/strong><\/p>\n\n\n\n<p>Xalapa, Ver.- Las actividades como la ganader\u00eda o el cambio de uso de suelo afectan m\u00e1s a los bosques que la propia actividad de la tala clandestina, as\u00ed lo inform\u00f3 titular de la promotor\u00eda de Desarrollo Forestal de Conafor en Veracruz, H\u00e9ctor Mota Velasco.<\/p>\n\n\n\n<p>En entrevista luego de participar en la conmemoraci\u00f3n del sismo del 85 y del sismo de 2017, se\u00f1al\u00f3 que en relaci\u00f3n a los incendios que se han presentado este a\u00f1o, detall\u00f3 que han ocurrido 259 incendios con un afectaci\u00f3n a 2 mil 303 hect\u00e1reas siniestradas, esto con relaci\u00f3n al a\u00f1o pasado significa una disminuci\u00f3n de incendios en un 20 por ciento.<\/p>\n\n\n\n<p>Dichas conflagraciones se siguen presentando mayormente en el Cofre de Perote, Las Vigas, Ayahualulco, Atzalan, las Altas Monta\u00f1as, Orizaba y Pico de Orizaba.<br>Pero gracias a los trabajos con las diferentes fuerzas de tarea en materia de previsi\u00f3n de incendios forestales, en estos a\u00f1os han trabajado de manera conjunta con el gobierno del estado y los ayuntamientos en la capacitaci\u00f3n de las diferentes brigadas.<\/p>\n\n\n\n<p>Tambi\u00e9n han trabajado con las autoridades de protecci\u00f3n civil de tal suerte eso se ha reflejado en la atenci\u00f3n m\u00e1s r\u00e1pida a los incendios, al igual que la participaci\u00f3n de los propietarios de los terrenos actualmente ya es m\u00e1s consiente y afortunadamente no se tienen que lamentan p\u00e9rdidas humanas o incidentes graves.<\/p>\n\n\n\n<p>Se\u00f1al\u00f3 que en esta \u00e9poca de incendios las fuerzas de tarea est\u00e1n trabajando en materia de prevenci\u00f3n, est\u00e1n capacitando a las comunidades rurales, tambi\u00e9n est\u00e1n trabajando con las escuelas.<\/p>\n\n\n\n<p>Dio a conocer que de la CONAFOR son 43 brigadistas, adem\u00e1s de 250, ya que el pago por servicios ambientales que es el servicio que dan a los bosques, cada ejido o comunidad que tiene el compromiso de conformar una brigada de combate al incendio.<\/p>\n\n\n\n<p><strong>Tala Clandestina <\/strong><\/p>\n\n\n\n<p>En otro orden de ideas, indic\u00f3 que la tala clandestina ha disminuido con base en la informaci\u00f3n de la Secretar\u00eda de Seguridad P\u00fablica y la Profepa, pese que no se cuenta con una estad\u00edstica, pero estim\u00f3 la baja de la comisi\u00f3n de dicho delito.<\/p>\n\n\n\n<p>\u201cS\u00ed ha disminuido y ustedes han visto los informes de SSP y Profepa. Lo que m\u00e1s afecta (la cobertura vegetal) son los cambios de uso de suelo, expansi\u00f3n de la ganader\u00eda y dem\u00e1s, la tala clandestina en los sitios donde est\u00e1 pues s\u00ed afecta, pero no al grado de cambiar el uso de suelo&#8221;, se\u00f1al\u00f3.<\/p>\n\n\n\n<p>Reconoci\u00f3 que efectivamente algunos talamontes podr\u00edan ser quienes ocasionan algunos incendios, pero la principal causa siguen siendo las fogatas mal apagadas, las colillas de cigarros, el descuido de las personas de las comunidades, por lo que se requiere de mayor educaci\u00f3n.<\/p>\n\n\n\n<p>El funcionario federal coment\u00f3 que en este a\u00f1o no se han presentado denuncias desafortunadamente, y aqu\u00ed lo \u00fanico que queda es detener a las personas infraganti.<\/p>\n\n\n\n<p>Finalmente Mota Velasco mencion\u00f3 que hasta ese momento hay 43 brigadistas de la Comisi\u00f3n Nacional Forestal, as\u00ed como 250 m\u00e1s del programa por servicios ambientales.<\/p>\n","protected":false},"excerpt":{"rendered":"<p>Dar\u00edo Pale Xalapa, Ver.- Las actividades como la ganader\u00eda o el cambio de uso de suelo afectan m\u00e1s a los bosques que la propia actividad de la tala clandestina, as\u00ed lo inform\u00f3 titular de la promotor\u00eda de Desarrollo Forestal de Conafor en Veracruz, H\u00e9ctor Mota Velasco. En entrevista luego de participar en la conmemoraci\u00f3n del [&hellip;]<\/p>\n","protected":false},"author":1,"featured_media":31767,"comment_status":"open","ping_status":"open","sticky":false,"template":"","format":"standard","meta":{"_jetpack_memberships_contains_paid_content":false,"footnotes":""},"categories":[2],"tags":[],"class_list":["post-31766","post","type-post","status-publish","format-standard","has-post-thumbnail","hentry","category-estado"],"jetpack_featured_media_url":"https:\/\/encuentroinformativo.com.mx\/wp-content\/uploads\/2022\/09\/3331CB4B-C020-42D1-8E52-8C20584180A4.jpeg","jetpack_sharing_enabled":true,"jetpack_likes_enabled":true,"amp_enabled":true,"_links":{"self":[{"href":"https:\/\/encuentroinformativo.com.mx\/index.php?rest_route=\/wp\/v2\/posts\/31766","targetHints":{"allow":["GET"]}}],"collection":[{"href":"https:\/\/encuentroinformativo.com.mx\/index.php?rest_route=\/wp\/v2\/posts"}],"about":[{"href":"https:\/\/encuentroinformativo.com.mx\/index.php?rest_route=\/wp\/v2\/types\/post"}],"author":[{"embeddable":true,"href":"https:\/\/encuentroinformativo.com.mx\/index.php?rest_route=\/wp\/v2\/users\/1"}],"replies":[{"embeddable":true,"href":"https:\/\/encuentroinformativo.com.mx\/index.php?rest_route=%2Fwp%2Fv2%2Fcomments&post=31766"}],"version-history":[{"count":1,"href":"https:\/\/encuentroinformativo.com.mx\/index.php?rest_route=\/wp\/v2\/posts\/31766\/revisions"}],"predecessor-version":[{"id":31768,"href":"https:\/\/encuentroinformativo.com.mx\/index.php?rest_route=\/wp\/v2\/posts\/31766\/revisions\/31768"}],"wp:featuredmedia":[{"embeddable":true,"href":"https:\/\/encuentroinformativo.com.mx\/index.php?rest_route=\/wp\/v2\/media\/31767"}],"wp:attachment":[{"href":"https:\/\/encuentroinformativo.com.mx\/index.php?rest_route=%2Fwp%2Fv2%2Fmedia&parent=31766"}],"wp:term":[{"taxonomy":"category","embeddable":true,"href":"https:\/\/encuentroinformativo.com.mx\/index.php?rest_route=%2Fwp%2Fv2%2Fcategories&post=31766"},{"taxonomy":"post_tag","embeddable":true,"href":"https:\/\/encuentroinformativo.com.mx\/index.php?rest_route=%2Fwp%2Fv2%2Ftags&post=31766"}],"curies":[{"name":"wp","href":"https:\/\/api.w.org\/{rel}","templated":true}]}}