{"id":31777,"date":"2022-09-19T12:49:51","date_gmt":"2022-09-19T17:49:51","guid":{"rendered":"https:\/\/encuentroinformativo.com.mx\/?p=31777"},"modified":"2022-09-19T12:49:54","modified_gmt":"2022-09-19T17:49:54","slug":"afectadas-7-mil-familias-en-ignacio-de-la-llave","status":"publish","type":"post","link":"https:\/\/encuentroinformativo.com.mx\/?p=31777","title":{"rendered":"Afectadas 7 mil familias en Ignacio de la Llave"},"content":{"rendered":"\n<p><strong>Alejandro \u00c1vila<\/strong><\/p>\n\n\n\n<p>Ignacio de la Llave, Ver.- El reporte del Ayuntamiento de Ignacio de la Llave difiere con el entregado por la Secretar\u00eda de Protecci\u00f3n Civil de Veracruz, pues el de la dependencia estatal asegura hay menos afectaciones que las reportadas por el propio alcalde.<\/p>\n\n\n\n<p>Seg\u00fan la Secretar\u00eda de Protecci\u00f3n Civil de Veracruz, solo hay 367 viviendas anegadas y 16 comunidades afectadas; sin embargo, el alcalde, Andr\u00e9s Chac\u00f3n Hern\u00e1ndez reportar 7 mil familias y 32 localidades afectadas en el municipio.<\/p>\n\n\n\n<p>Ante esta situaci\u00f3n, el diputado local, Jaime de la Garza Mart\u00ednez acudi\u00f3 este fin de semana a brindar apoyo alimentario a los afectados, y sobre todo, a llevar maquinaria para liberar los caminos de las comunidades incomunicadas.<\/p>\n\n\n\n<p>\u201cTenemos 32 localidades, de las cuales pr\u00e1cticamente 18 est\u00e1n en alto grado de&nbsp;<\/p>\n\n\n\n<p>vulnerabilidad, algunas ya afectadas, pr\u00e1cticamente estamos hablando de unas siete mil familias aproximadamente\u201d, dijo el diputado en una transmisi\u00f3n en vivo que realiz\u00f3.<\/p>\n\n\n\n<p>El legislador panista, lament\u00f3 que el Gobierno Federal haya desaparecido el Fondo de Desastres Naturales (FONDEN) y Fondo para la Prevenci\u00f3n de Desastres Naturales (FOPREDEN), pues precisamente con este recurso se podr\u00eda apoyar a los 21 municipios afectados por las fuertes lluvias de los \u00faltimos d\u00edas.<\/p>\n\n\n\n<p>Jaime de la Garza agradecio el apoyo de las c\u00e1maras empresariales, quienes aceptaron su solicitud de apoyo de maquinaria, para liberar y mejorar caminos de las localidades afectadas en Alvarado, Acula, Tlalixcoyan e Ignacio de la Llave.<\/p>\n","protected":false},"excerpt":{"rendered":"<p>Alejandro \u00c1vila Ignacio de la Llave, Ver.- El reporte del Ayuntamiento de Ignacio de la Llave difiere con el entregado por la Secretar\u00eda de Protecci\u00f3n Civil de Veracruz, pues el de la dependencia estatal asegura hay menos afectaciones que las reportadas por el propio alcalde. Seg\u00fan la Secretar\u00eda de Protecci\u00f3n Civil de Veracruz, solo hay [&hellip;]<\/p>\n","protected":false},"author":1,"featured_media":31778,"comment_status":"open","ping_status":"open","sticky":false,"template":"","format":"standard","meta":{"_jetpack_memberships_contains_paid_content":false,"footnotes":""},"categories":[2],"tags":[],"class_list":["post-31777","post","type-post","status-publish","format-standard","has-post-thumbnail","hentry","category-estado"],"jetpack_featured_media_url":"https:\/\/encuentroinformativo.com.mx\/wp-content\/uploads\/2022\/09\/98DEB8ED-FC2C-4B3B-B27D-EE9687DBDCB2.jpeg","jetpack_sharing_enabled":true,"jetpack_likes_enabled":true,"amp_enabled":true,"_links":{"self":[{"href":"https:\/\/encuentroinformativo.com.mx\/index.php?rest_route=\/wp\/v2\/posts\/31777","targetHints":{"allow":["GET"]}}],"collection":[{"href":"https:\/\/encuentroinformativo.com.mx\/index.php?rest_route=\/wp\/v2\/posts"}],"about":[{"href":"https:\/\/encuentroinformativo.com.mx\/index.php?rest_route=\/wp\/v2\/types\/post"}],"author":[{"embeddable":true,"href":"https:\/\/encuentroinformativo.com.mx\/index.php?rest_route=\/wp\/v2\/users\/1"}],"replies":[{"embeddable":true,"href":"https:\/\/encuentroinformativo.com.mx\/index.php?rest_route=%2Fwp%2Fv2%2Fcomments&post=31777"}],"version-history":[{"count":1,"href":"https:\/\/encuentroinformativo.com.mx\/index.php?rest_route=\/wp\/v2\/posts\/31777\/revisions"}],"predecessor-version":[{"id":31779,"href":"https:\/\/encuentroinformativo.com.mx\/index.php?rest_route=\/wp\/v2\/posts\/31777\/revisions\/31779"}],"wp:featuredmedia":[{"embeddable":true,"href":"https:\/\/encuentroinformativo.com.mx\/index.php?rest_route=\/wp\/v2\/media\/31778"}],"wp:attachment":[{"href":"https:\/\/encuentroinformativo.com.mx\/index.php?rest_route=%2Fwp%2Fv2%2Fmedia&parent=31777"}],"wp:term":[{"taxonomy":"category","embeddable":true,"href":"https:\/\/encuentroinformativo.com.mx\/index.php?rest_route=%2Fwp%2Fv2%2Fcategories&post=31777"},{"taxonomy":"post_tag","embeddable":true,"href":"https:\/\/encuentroinformativo.com.mx\/index.php?rest_route=%2Fwp%2Fv2%2Ftags&post=31777"}],"curies":[{"name":"wp","href":"https:\/\/api.w.org\/{rel}","templated":true}]}}