{"id":3178,"date":"2020-06-08T13:37:14","date_gmt":"2020-06-08T18:37:14","guid":{"rendered":"https:\/\/encuentroinformativo.com\/?p=3178"},"modified":"2020-06-08T13:37:16","modified_gmt":"2020-06-08T18:37:16","slug":"cancela-sev-examen-de-admision-para-secundarias","status":"publish","type":"post","link":"https:\/\/encuentroinformativo.com.mx\/?p=3178","title":{"rendered":"Cancela SEV examen de admisi\u00f3n para secundarias"},"content":{"rendered":"\n<p><strong>Juan Arcos <\/strong><\/p>\n\n\n\n<p>Xalapa, Ver.- La Secretar\u00eda de Educaci\u00f3n de Veracruz (SEV) cancel\u00f3 los ex\u00e1menes de admisi\u00f3n para secundaria por la pandemia del Covid-19.<\/p>\n\n\n\n<p>As\u00ed lo dio a conocer la subsecretaria de Educaci\u00f3n B\u00e1sica de la SEV, Maritza Aguilar Ram\u00edrez, quien a\u00f1adi\u00f3 que deber\u00e1n tomarse en cuenta ciertos factores para el ingreso de nuevos alumnos en dicho nivel educativo.<\/p>\n\n\n\n<p>\u201cPara Secundaria se elimina el examen para la asignaci\u00f3n o para el ingreso. Esta eliminaci\u00f3n que se hace es para hacer posterior una evaluaci\u00f3n diagn\u00f3stica y tendremos tres semanas para recuperar estos aprendizajes que no se llevaron a su cumplimiento en su totalidad\u201d.<\/p>\n\n\n\n<p>En ese sentido, mencion\u00f3 que los estudiantes podr\u00e1n ingresar si tienen hermanos o alg\u00fan familiar en la instituci\u00f3n.<\/p>\n\n\n\n<p>Adem\u00e1s, ser\u00e1 importante que los alumnos vivan cerca de la escuela a la que pretenden ingresar.<\/p>\n\n\n\n<p>La funcionaria estatal record\u00f3 que las inscripciones ser\u00e1n del 3 al 7 de agosto, por lo que las madres y padres de familia deber\u00e1n estar pendientes.<\/p>\n\n\n\n<p>\u201cVamos a tomar como referencia el que los alumnos tengan hermanos dentro de la instituci\u00f3n y tambi\u00e9n que los alumnos vivan en la periferia de la escuela. Estos ser\u00edan los dos factores prioritarios que tendr\u00edan que cubrir\u201d.<\/p>\n\n\n\n<p>Por tal motivo, recomend\u00f3 a los pap\u00e1s que busquen un lugar en las escuelas cercanas a sus viviendas o colonias.<\/p>\n\n\n\n<p>Finalmente, Aguilar Ram\u00edrez asegur\u00f3 que la entidad cuenta con los lugares suficientes en escuelas p\u00fablicas para garantizar la educaci\u00f3n b\u00e1sica.<\/p>\n\n\n\n<p><\/p>\n","protected":false},"excerpt":{"rendered":"<p>Juan Arcos Xalapa, Ver.- La Secretar\u00eda de Educaci\u00f3n de Veracruz (SEV) cancel\u00f3 los ex\u00e1menes de admisi\u00f3n para secundaria por la pandemia del Covid-19. As\u00ed lo dio a conocer la subsecretaria de Educaci\u00f3n B\u00e1sica de la SEV, Maritza Aguilar Ram\u00edrez, quien a\u00f1adi\u00f3 que deber\u00e1n tomarse en cuenta ciertos factores para el ingreso de nuevos alumnos en [&hellip;]<\/p>\n","protected":false},"author":1,"featured_media":3179,"comment_status":"open","ping_status":"open","sticky":false,"template":"","format":"standard","meta":{"_jetpack_memberships_contains_paid_content":false,"footnotes":""},"categories":[2],"tags":[],"class_list":["post-3178","post","type-post","status-publish","format-standard","has-post-thumbnail","hentry","category-estado"],"jetpack_featured_media_url":"https:\/\/encuentroinformativo.com.mx\/wp-content\/uploads\/2020\/06\/5084404B-FF4D-4159-8EF7-B6C936FEA4AB.jpeg","jetpack_sharing_enabled":true,"jetpack_likes_enabled":true,"amp_enabled":true,"_links":{"self":[{"href":"https:\/\/encuentroinformativo.com.mx\/index.php?rest_route=\/wp\/v2\/posts\/3178","targetHints":{"allow":["GET"]}}],"collection":[{"href":"https:\/\/encuentroinformativo.com.mx\/index.php?rest_route=\/wp\/v2\/posts"}],"about":[{"href":"https:\/\/encuentroinformativo.com.mx\/index.php?rest_route=\/wp\/v2\/types\/post"}],"author":[{"embeddable":true,"href":"https:\/\/encuentroinformativo.com.mx\/index.php?rest_route=\/wp\/v2\/users\/1"}],"replies":[{"embeddable":true,"href":"https:\/\/encuentroinformativo.com.mx\/index.php?rest_route=%2Fwp%2Fv2%2Fcomments&post=3178"}],"version-history":[{"count":1,"href":"https:\/\/encuentroinformativo.com.mx\/index.php?rest_route=\/wp\/v2\/posts\/3178\/revisions"}],"predecessor-version":[{"id":3180,"href":"https:\/\/encuentroinformativo.com.mx\/index.php?rest_route=\/wp\/v2\/posts\/3178\/revisions\/3180"}],"wp:featuredmedia":[{"embeddable":true,"href":"https:\/\/encuentroinformativo.com.mx\/index.php?rest_route=\/wp\/v2\/media\/3179"}],"wp:attachment":[{"href":"https:\/\/encuentroinformativo.com.mx\/index.php?rest_route=%2Fwp%2Fv2%2Fmedia&parent=3178"}],"wp:term":[{"taxonomy":"category","embeddable":true,"href":"https:\/\/encuentroinformativo.com.mx\/index.php?rest_route=%2Fwp%2Fv2%2Fcategories&post=3178"},{"taxonomy":"post_tag","embeddable":true,"href":"https:\/\/encuentroinformativo.com.mx\/index.php?rest_route=%2Fwp%2Fv2%2Ftags&post=3178"}],"curies":[{"name":"wp","href":"https:\/\/api.w.org\/{rel}","templated":true}]}}