{"id":31781,"date":"2022-09-19T13:27:04","date_gmt":"2022-09-19T18:27:04","guid":{"rendered":"https:\/\/encuentroinformativo.com.mx\/?p=31781"},"modified":"2022-09-19T13:27:08","modified_gmt":"2022-09-19T18:27:08","slug":"van-7-casos-de-viruela-simica-en-veracruz","status":"publish","type":"post","link":"https:\/\/encuentroinformativo.com.mx\/?p=31781","title":{"rendered":"Van 7 casos de viruela s\u00edmica en Veracruz"},"content":{"rendered":"\n<p><strong>Dar\u00edo Pale<\/strong><\/p>\n\n\n\n<p>Xalapa, Ver.- El secretario de Salud, Gerardo D\u00edaz Morales, dio a conocer que desde el pasado 12 de septiembre el sector salud se mantiene activado y en alerta ante cualquier contingencia por lluvias, adem\u00e1s de que solo se han registrado 7 personas con la viruela del mono.<\/p>\n\n\n\n<p>Entrevistado posterior a la guardia de honor frente al monumento a Miguel Hidalgo, se\u00f1al\u00f3 que el Comit\u00e9 de Salud para la Protecci\u00f3n se reuni\u00f3 el fin de semana y el Comit\u00e9 de Emergencias presidido por el gobernador Cuitl\u00e1huac Garc\u00eda Jim\u00e9nez, con la finalidad de coordinar el apoyo que se brindar\u00eda a los municipios afectados.<\/p>\n\n\n\n<p>\u201cTenemos nosotros 273 unidades de protecci\u00f3n de salud activados, 23 hospitales, 37 ambulancias, ya estamos interviniendo directamente en todos los municipios en donde se han activado estas contingencias estamos otorgando medidas de prevenci\u00f3n, de promoci\u00f3n, consulta de atenci\u00f3n\u201d, se\u00f1al\u00f3.<\/p>\n\n\n\n<p>Destac\u00f3 que no ha habido da\u00f1os a la salud que lamentar, aunque se mantienen las acciones de riesgo sanitario en cuanto a nebulizaciones, fumigaciones, las cuales van a continuar por lo menos 12 d\u00edas m\u00e1s, dado que es el periodo en el que se presenta los moscos del dengue despu\u00e9s de las lluvias.<\/p>\n\n\n\n<p>\u201cVamos a continuar durante 10, 12 d\u00edas porque es cuando se presentan la situaci\u00f3n del mosquito como bien lo dice y los vectores estamos presentes con todo el contingente de la Secretar\u00eda de Salud, sum\u00e1ndonos a las acciones de protecci\u00f3n civil y en coordinaci\u00f3n con ellas\u201d, coment\u00f3.<\/p>\n\n\n\n<p>Explic\u00f3 que en las consultas se han presentado casos de dermatitis, cuadros diarreicos, infecciones respiratorias y algunos otros padecimientos menos banales.<\/p>\n\n\n\n<p>Resalt\u00f3 que el abasto de medicamentos est\u00e1 completamente garantizado para estos padecimientos en todos los hospitales del sector salud.<\/p>\n\n\n\n<p>\u201cTenemos la estrategia muy clara de tener la conciliaci\u00f3n tanto para primero como para segundo nivel, de tener el producto y en su caso porque por alguna licitaci\u00f3n de origen internacional no lo hubiese, damos la instrucci\u00f3n de que se adquiera y 24 horas despu\u00e9s surtir el medicamento total a nuestros usuarios, pacientitos\u201d, dijo en entrevista.<\/p>\n\n\n\n<p>Por otro lado, descart\u00f3 que hubiera da\u00f1os estructurales en los hospitales o cl\u00ednicas de salud, provocado por las lluvias.<\/p>\n\n\n\n<p>En otro orden de ideas dio a conocer que en el estado de Veracruz ha habido 7 pacientes contagiados de viruela s\u00edmica, pero se han logrado controlarlo para que no haya m\u00e1s casos por este padecimiento que ha sido detectado a tiempo en la entidad para evitar m\u00e1s contagios.<\/p>\n\n\n\n<p>\u201cTenemos siete casos confirmados por el INDRE pero les quiero decir y conformar que gracias a la estrategia de vigilancias epidemiol\u00f3gica que ha mantenido el estado de Veracruz nos encontramos con este n\u00famero reducido\u201d, inform\u00f3.<\/p>\n\n\n\n<p>Dijo que se ha investigado todo tipo de casos que hayan presentado alg\u00fan tipo de lesi\u00f3n dermatol\u00f3gica, se les realiza un estudio para confirmar o descartar la viruela s\u00edmica.<\/p>\n\n\n\n<p>Finalmente dio a conocer que &#8220;cualquier lesi\u00f3n dermatol\u00f3gica la estudiamos, eso no quiere decir que sea viruela s\u00edmica, pero para nosotros garantizar la detecci\u00f3n oportuna y temprana se los hacemos, ahorita tenemos s\u00f3lo 3, pero son lesiones dermatol\u00f3gicas no confirmadas\u201d.<\/p>\n","protected":false},"excerpt":{"rendered":"<p>Dar\u00edo Pale Xalapa, Ver.- El secretario de Salud, Gerardo D\u00edaz Morales, dio a conocer que desde el pasado 12 de septiembre el sector salud se mantiene activado y en alerta ante cualquier contingencia por lluvias, adem\u00e1s de que solo se han registrado 7 personas con la viruela del mono. Entrevistado posterior a la guardia de [&hellip;]<\/p>\n","protected":false},"author":1,"featured_media":31782,"comment_status":"open","ping_status":"open","sticky":false,"template":"","format":"standard","meta":{"_jetpack_memberships_contains_paid_content":false,"footnotes":""},"categories":[9],"tags":[],"class_list":["post-31781","post","type-post","status-publish","format-standard","has-post-thumbnail","hentry","category-salud"],"jetpack_featured_media_url":"https:\/\/encuentroinformativo.com.mx\/wp-content\/uploads\/2022\/09\/CE89AE87-4226-436B-912E-9627F53D875C.jpeg","jetpack_sharing_enabled":true,"jetpack_likes_enabled":true,"amp_enabled":true,"_links":{"self":[{"href":"https:\/\/encuentroinformativo.com.mx\/index.php?rest_route=\/wp\/v2\/posts\/31781","targetHints":{"allow":["GET"]}}],"collection":[{"href":"https:\/\/encuentroinformativo.com.mx\/index.php?rest_route=\/wp\/v2\/posts"}],"about":[{"href":"https:\/\/encuentroinformativo.com.mx\/index.php?rest_route=\/wp\/v2\/types\/post"}],"author":[{"embeddable":true,"href":"https:\/\/encuentroinformativo.com.mx\/index.php?rest_route=\/wp\/v2\/users\/1"}],"replies":[{"embeddable":true,"href":"https:\/\/encuentroinformativo.com.mx\/index.php?rest_route=%2Fwp%2Fv2%2Fcomments&post=31781"}],"version-history":[{"count":1,"href":"https:\/\/encuentroinformativo.com.mx\/index.php?rest_route=\/wp\/v2\/posts\/31781\/revisions"}],"predecessor-version":[{"id":31783,"href":"https:\/\/encuentroinformativo.com.mx\/index.php?rest_route=\/wp\/v2\/posts\/31781\/revisions\/31783"}],"wp:featuredmedia":[{"embeddable":true,"href":"https:\/\/encuentroinformativo.com.mx\/index.php?rest_route=\/wp\/v2\/media\/31782"}],"wp:attachment":[{"href":"https:\/\/encuentroinformativo.com.mx\/index.php?rest_route=%2Fwp%2Fv2%2Fmedia&parent=31781"}],"wp:term":[{"taxonomy":"category","embeddable":true,"href":"https:\/\/encuentroinformativo.com.mx\/index.php?rest_route=%2Fwp%2Fv2%2Fcategories&post=31781"},{"taxonomy":"post_tag","embeddable":true,"href":"https:\/\/encuentroinformativo.com.mx\/index.php?rest_route=%2Fwp%2Fv2%2Ftags&post=31781"}],"curies":[{"name":"wp","href":"https:\/\/api.w.org\/{rel}","templated":true}]}}