{"id":31784,"date":"2022-09-19T13:37:02","date_gmt":"2022-09-19T18:37:02","guid":{"rendered":"https:\/\/encuentroinformativo.com.mx\/?p=31784"},"modified":"2022-09-19T13:37:06","modified_gmt":"2022-09-19T18:37:06","slug":"fatal-accidente-en-alvarado-fallece-conductor-de-taxi","status":"publish","type":"post","link":"https:\/\/encuentroinformativo.com.mx\/?p=31784","title":{"rendered":"Fatal accidente en Alvarado, fallece conductor de taxi"},"content":{"rendered":"\n<p><strong>Alejandro \u00c1vila<\/strong><\/p>\n\n\n\n<p>Alvarado, Ver.- Un fatal accidente se registr\u00f3 la ma\u00f1ana de este lunes sobre la carretera federal 180, en el tramo Paso del Toro &#8211; Alvarado, donde el conductor de un taxi falleci\u00f3 tras quedar prensado en su unidad.<\/p>\n\n\n\n<p>Los hechos ocurrieron alrededor de las 7:40 de la ma\u00f1ana en el kil\u00f3metro 28, aproximadamente a 50 metros de la localidad de Mandinga y Card\u00f3n.<\/p>\n\n\n\n<p>El cuerpo de Bomberos del municipio de Alvarado, acudi\u00f3 el sitio para liberar al conductor del taxi 261 qui\u00e9n qued\u00f3 prensado en su unidad y muri\u00f3 al instante.<\/p>\n\n\n\n<p>El conductor del veh\u00edculo fue identificado como Isidoro Aldan Yepez de 49 a\u00f1os de edad, y oriundo de la localidad Moral y Mosquitero del municipio de Alvarado.<\/p>\n\n\n\n<p>Seg\u00fan el reporte, al veh\u00edculo de alquiler lo impacto una camioneta pick up F150 color negro, con placas XV-69-366 del Estado de Veracruz, la cual proced\u00eda de San Andr\u00e9s Tuxtla y se dirig\u00eda hacia el municipio de Veracruz; seg\u00fan testigos, se asegura que en la camioneta iban aproximadamente 8 hombres de oficio alba\u00f1il, los cuales desaparecieron del lugar tras el siniestro.<\/p>\n","protected":false},"excerpt":{"rendered":"<p>Alejandro \u00c1vila Alvarado, Ver.- Un fatal accidente se registr\u00f3 la ma\u00f1ana de este lunes sobre la carretera federal 180, en el tramo Paso del Toro &#8211; Alvarado, donde el conductor de un taxi falleci\u00f3 tras quedar prensado en su unidad. Los hechos ocurrieron alrededor de las 7:40 de la ma\u00f1ana en el kil\u00f3metro 28, aproximadamente [&hellip;]<\/p>\n","protected":false},"author":1,"featured_media":31785,"comment_status":"open","ping_status":"open","sticky":false,"template":"","format":"standard","meta":{"_jetpack_memberships_contains_paid_content":false,"footnotes":""},"categories":[2],"tags":[],"class_list":["post-31784","post","type-post","status-publish","format-standard","has-post-thumbnail","hentry","category-estado"],"jetpack_featured_media_url":"https:\/\/encuentroinformativo.com.mx\/wp-content\/uploads\/2022\/09\/9F03DEB2-2EF4-4886-B15E-8F1F54BAF981.jpeg","jetpack_sharing_enabled":true,"jetpack_likes_enabled":true,"amp_enabled":true,"_links":{"self":[{"href":"https:\/\/encuentroinformativo.com.mx\/index.php?rest_route=\/wp\/v2\/posts\/31784","targetHints":{"allow":["GET"]}}],"collection":[{"href":"https:\/\/encuentroinformativo.com.mx\/index.php?rest_route=\/wp\/v2\/posts"}],"about":[{"href":"https:\/\/encuentroinformativo.com.mx\/index.php?rest_route=\/wp\/v2\/types\/post"}],"author":[{"embeddable":true,"href":"https:\/\/encuentroinformativo.com.mx\/index.php?rest_route=\/wp\/v2\/users\/1"}],"replies":[{"embeddable":true,"href":"https:\/\/encuentroinformativo.com.mx\/index.php?rest_route=%2Fwp%2Fv2%2Fcomments&post=31784"}],"version-history":[{"count":1,"href":"https:\/\/encuentroinformativo.com.mx\/index.php?rest_route=\/wp\/v2\/posts\/31784\/revisions"}],"predecessor-version":[{"id":31786,"href":"https:\/\/encuentroinformativo.com.mx\/index.php?rest_route=\/wp\/v2\/posts\/31784\/revisions\/31786"}],"wp:featuredmedia":[{"embeddable":true,"href":"https:\/\/encuentroinformativo.com.mx\/index.php?rest_route=\/wp\/v2\/media\/31785"}],"wp:attachment":[{"href":"https:\/\/encuentroinformativo.com.mx\/index.php?rest_route=%2Fwp%2Fv2%2Fmedia&parent=31784"}],"wp:term":[{"taxonomy":"category","embeddable":true,"href":"https:\/\/encuentroinformativo.com.mx\/index.php?rest_route=%2Fwp%2Fv2%2Fcategories&post=31784"},{"taxonomy":"post_tag","embeddable":true,"href":"https:\/\/encuentroinformativo.com.mx\/index.php?rest_route=%2Fwp%2Fv2%2Ftags&post=31784"}],"curies":[{"name":"wp","href":"https:\/\/api.w.org\/{rel}","templated":true}]}}