{"id":31790,"date":"2022-09-19T15:12:04","date_gmt":"2022-09-19T20:12:04","guid":{"rendered":"https:\/\/encuentroinformativo.com.mx\/?p=31790"},"modified":"2022-09-19T15:12:07","modified_gmt":"2022-09-19T20:12:07","slug":"llama-gobernador-a-promover-cultura-de-proteccion-civil","status":"publish","type":"post","link":"https:\/\/encuentroinformativo.com.mx\/?p=31790","title":{"rendered":"Llama Gobernador a promover cultura de protecci\u00f3n civil"},"content":{"rendered":"\n<p><strong>Dar\u00edo Pale<\/strong><\/p>\n\n\n\n<p>Xalapa, Ver.- Es responsabilidad de todos los ciudadanos atender los llamados y formar parte de una cultura de protecci\u00f3n civil para evitar desgracias, as\u00ed lo defini\u00f3 el gobernador del Estado, Cuitl\u00e1huac Garc\u00eda Jim\u00e9nez.<\/p>\n\n\n\n<p>Entrevistado en el parque Ju\u00e1rez despu\u00e9s de participar en el simulacro que se llev\u00f3 a cabo a nivel nacional, dijo que siempre que se escuche una alarma s\u00edsmica se debe atender de inmediato para desalojar los inmuebles.<\/p>\n\n\n\n<p>&#8220;El protocolo sobre todo en oficinas p\u00fablicas, pero los derrumbes no s\u00f3lo se dan en edificios p\u00fablicos, tambi\u00e9n se dan en las casas privadas entonces, hay que atender esta cultura&#8221;, se\u00f1al\u00f3.<\/p>\n\n\n\n<p>&#8220;No olviden que con el manejo de los celulares y tambi\u00e9n con las redes que se tienen de informaci\u00f3n, de comunicaci\u00f3n, pueden colaborar mucho, bajando las aplicaciones que hay de alertas s\u00edsmicas y los medios ayudarnos a difundir ese tema&#8221;, agreg\u00f3.<\/p>\n\n\n\n<p>El titular del Ejecutivo expres\u00f3 que el d\u00eda de hoy, 19 de septiembre, se vuelve a hacer conciencia de que es d\u00eda de simulacro nacional.<\/p>\n\n\n\n<p>Finalmente coment\u00f3 que los j\u00f3venes que quiz\u00e1 no vivieron el sismo del 85 deben saber que hay que atender las alertas de donde provengan.<\/p>\n","protected":false},"excerpt":{"rendered":"<p>Dar\u00edo Pale Xalapa, Ver.- Es responsabilidad de todos los ciudadanos atender los llamados y formar parte de una cultura de protecci\u00f3n civil para evitar desgracias, as\u00ed lo defini\u00f3 el gobernador del Estado, Cuitl\u00e1huac Garc\u00eda Jim\u00e9nez. Entrevistado en el parque Ju\u00e1rez despu\u00e9s de participar en el simulacro que se llev\u00f3 a cabo a nivel nacional, dijo [&hellip;]<\/p>\n","protected":false},"author":1,"featured_media":30585,"comment_status":"open","ping_status":"open","sticky":false,"template":"","format":"standard","meta":{"_jetpack_memberships_contains_paid_content":false,"footnotes":""},"categories":[2],"tags":[],"class_list":["post-31790","post","type-post","status-publish","format-standard","has-post-thumbnail","hentry","category-estado"],"jetpack_featured_media_url":"https:\/\/encuentroinformativo.com.mx\/wp-content\/uploads\/2022\/08\/A44127B8-3EB2-4BFC-A461-F76D49B7D84C.jpeg","jetpack_sharing_enabled":true,"jetpack_likes_enabled":true,"amp_enabled":true,"_links":{"self":[{"href":"https:\/\/encuentroinformativo.com.mx\/index.php?rest_route=\/wp\/v2\/posts\/31790","targetHints":{"allow":["GET"]}}],"collection":[{"href":"https:\/\/encuentroinformativo.com.mx\/index.php?rest_route=\/wp\/v2\/posts"}],"about":[{"href":"https:\/\/encuentroinformativo.com.mx\/index.php?rest_route=\/wp\/v2\/types\/post"}],"author":[{"embeddable":true,"href":"https:\/\/encuentroinformativo.com.mx\/index.php?rest_route=\/wp\/v2\/users\/1"}],"replies":[{"embeddable":true,"href":"https:\/\/encuentroinformativo.com.mx\/index.php?rest_route=%2Fwp%2Fv2%2Fcomments&post=31790"}],"version-history":[{"count":1,"href":"https:\/\/encuentroinformativo.com.mx\/index.php?rest_route=\/wp\/v2\/posts\/31790\/revisions"}],"predecessor-version":[{"id":31791,"href":"https:\/\/encuentroinformativo.com.mx\/index.php?rest_route=\/wp\/v2\/posts\/31790\/revisions\/31791"}],"wp:featuredmedia":[{"embeddable":true,"href":"https:\/\/encuentroinformativo.com.mx\/index.php?rest_route=\/wp\/v2\/media\/30585"}],"wp:attachment":[{"href":"https:\/\/encuentroinformativo.com.mx\/index.php?rest_route=%2Fwp%2Fv2%2Fmedia&parent=31790"}],"wp:term":[{"taxonomy":"category","embeddable":true,"href":"https:\/\/encuentroinformativo.com.mx\/index.php?rest_route=%2Fwp%2Fv2%2Fcategories&post=31790"},{"taxonomy":"post_tag","embeddable":true,"href":"https:\/\/encuentroinformativo.com.mx\/index.php?rest_route=%2Fwp%2Fv2%2Ftags&post=31790"}],"curies":[{"name":"wp","href":"https:\/\/api.w.org\/{rel}","templated":true}]}}