{"id":31801,"date":"2022-09-20T09:56:04","date_gmt":"2022-09-20T14:56:04","guid":{"rendered":"https:\/\/encuentroinformativo.com.mx\/?p=31801"},"modified":"2022-09-20T09:56:08","modified_gmt":"2022-09-20T14:56:08","slug":"rogelio-libra-otra","status":"publish","type":"post","link":"https:\/\/encuentroinformativo.com.mx\/?p=31801","title":{"rendered":"\u00a1ROGELIO LIBRA OTRA!"},"content":{"rendered":"\n<p><strong>Los Pol\u00edticos<\/strong><\/p>\n\n\n\n<p><strong>Salvador Mu\u00f1oz<\/strong><\/p>\n\n\n\n<p>Rogelio Franco Cast\u00e1n pudiera convertirse tranquilamente en tema para cualquier clase de Derecho Penal para que el futuro abogado no mezcle lo \u201cLegal\u201d con lo Pol\u00edtico.<\/p>\n\n\n\n<p>Hace unos d\u00edas, el Primer Tribunal Colegiado en Materia Penal del S\u00e9ptimo Circuito, con sede en Boca del R\u00edo, concedi\u00f3 el amparo y protecci\u00f3n de la Justicia Federal solicitada por Rogelio Franco Cast\u00e1n despu\u00e9s de que la Fiscal\u00eda General del Estado lo acusara por peculado\u2026 \u00a1gana otra el tuxpe\u00f1o!<\/p>\n\n\n\n<p>De cierto modo, el caso de Rogelio Franco pas\u00f3 de un asunto legal al pol\u00edtico, cuando se dio su detenci\u00f3n, que no aprehensi\u00f3n. As\u00ed, como se dieron las cosas aquel 13 de marzo y c\u00f3mo se desencadenaron, pareciera que la consigna era y es mantenerlo \u201centambado\u201d a como d\u00e9 lugar y en la g\u00e9nesis de esta torcida manera de \u201chacer cumplir la Ley\u201d, la mejor manera de hacerlo fue blandiendo \u201cUltrajes a la Autoridad\u201d, para el que la Fiscala ped\u00eda 23 a\u00f1os de c\u00e1rcel para Rogelio Franco\u2026 \u00a1ni con un feminicida es tan dura!<\/p>\n\n\n\n<p>Ah, nom\u00e1s para que vean el tama\u00f1o de la Justicia veracruzana: apenas en febrero de este 2022, el delito de Ultrajes a la Autoridad fue declarado Inconstitucional.<\/p>\n\n\n\n<p>Ese 13 de marzo, las autoridades iban por Rogelio Franco por el delito de violencia familiar. Para quienes de un modo u otro han seguido esta historia mucho antes de la Fiscala, de la era Morena, incluso, previo al Yunismo de dos a\u00f1os, saben que ese cuento no es como lo pinta Caperucita\u2026<\/p>\n\n\n\n<p>\u00a1Pues qu\u00e9 creen! Ese marzo, pero siendo d\u00eda 22, se dej\u00f3 insubsistente la orden de aprehensi\u00f3n contra Franco por ese delito\u2026<\/p>\n\n\n\n<p>La l\u00f3gica dec\u00eda que Rogelio Franco ten\u00eda un pie fuera del penal, pero el empleo de la \u201cJusticia\u201d bajo la idea de mantener la consigna firme, era claro: el perredista no pod\u00eda salir de la c\u00e1rcel\u2026 as\u00ed que se le imputaron otros dos delitos: Peculado y Extorsi\u00f3n.<\/p>\n\n\n\n<p>\u00bfAs\u00ed o m\u00e1s claro?<\/p>\n\n\n\n<p>Rogelio Franco, se insiste, es un caso para llevarlo a una clase de Derecho Penal, pero tambi\u00e9n para su an\u00e1lisis pol\u00edtico\u2026<\/p>\n\n\n\n<p>En lo que fue la previa al nacimiento de Morena, si hab\u00eda un joven que destacara entre los aliados de Andr\u00e9s Manuel L\u00f3pez Obrador, \u00e9se sin duda era Rogelio Franco Cast\u00e1n. Cada vez que el Peje se hac\u00eda presente en Veracruz, solicitaba la presencia del tuxpe\u00f1o y era para hacer el recorrido a su lado\u2026 \u00bfQu\u00e9 fue lo que ocurri\u00f3? Sus caminos se bifurcaron\u2026 hay quienes dicen que si Franco Cast\u00e1n hubiera dejado el PRD, \u00e9l se hubiera convertido en el candidato de Morena en el 2016 y si las circunstancias se hubieran repetido, igual en el 2018\u2026<\/p>\n\n\n\n<p>Entonces, a veces, lo legal se entrevera con la pol\u00edtica\u2026<\/p>\n\n\n\n<p>La Ley advierte a la Pol\u00edtica que se le concede el amparo y protecci\u00f3n de la Justicia Federal a Rogelio Franco Cast\u00e1n, \u201cpor lo que hace a la imposici\u00f3n de la medida cautelar de prisi\u00f3n preventiva justificada y el auto de vinculaci\u00f3n por el delito de peculado equiparado, toda vez que carece de la debida fundamentaci\u00f3n y motivaci\u00f3n en t\u00e9rminos del art\u00edculo 16 Constitucional\u201d&#8230;<\/p>\n\n\n\n<p>S\u00ed, todav\u00eda le falta librar el delito de Extorsi\u00f3n, pero a como van las cosas, es cuesti\u00f3n de tiempo para que la Ley se aplique a un hombre que a todas luces es v\u00edctima de una persecuci\u00f3n pol\u00edtica, donde la consigna es tenerlo preso, ya fuera por violencia familiar, delitos de ultraje, peculado, extorsi\u00f3n o lo que se le ocurra a una Fiscala que est\u00e1 m\u00e1s para cumplir caprichos pol\u00edticos que la Ley\u2026<\/p>\n","protected":false},"excerpt":{"rendered":"<p>Los Pol\u00edticos Salvador Mu\u00f1oz Rogelio Franco Cast\u00e1n pudiera convertirse tranquilamente en tema para cualquier clase de Derecho Penal para que el futuro abogado no mezcle lo \u201cLegal\u201d con lo Pol\u00edtico. Hace unos d\u00edas, el Primer Tribunal Colegiado en Materia Penal del S\u00e9ptimo Circuito, con sede en Boca del R\u00edo, concedi\u00f3 el amparo y protecci\u00f3n de [&hellip;]<\/p>\n","protected":false},"author":1,"featured_media":387,"comment_status":"open","ping_status":"open","sticky":false,"template":"","format":"standard","meta":{"_jetpack_memberships_contains_paid_content":false,"footnotes":""},"categories":[11],"tags":[],"class_list":["post-31801","post","type-post","status-publish","format-standard","has-post-thumbnail","hentry","category-opinion"],"jetpack_featured_media_url":"https:\/\/encuentroinformativo.com.mx\/wp-content\/uploads\/2020\/03\/7CF8A22B-2764-47BE-8F7F-38FE9E5D6A2F.jpeg","jetpack_sharing_enabled":true,"jetpack_likes_enabled":true,"amp_enabled":true,"_links":{"self":[{"href":"https:\/\/encuentroinformativo.com.mx\/index.php?rest_route=\/wp\/v2\/posts\/31801","targetHints":{"allow":["GET"]}}],"collection":[{"href":"https:\/\/encuentroinformativo.com.mx\/index.php?rest_route=\/wp\/v2\/posts"}],"about":[{"href":"https:\/\/encuentroinformativo.com.mx\/index.php?rest_route=\/wp\/v2\/types\/post"}],"author":[{"embeddable":true,"href":"https:\/\/encuentroinformativo.com.mx\/index.php?rest_route=\/wp\/v2\/users\/1"}],"replies":[{"embeddable":true,"href":"https:\/\/encuentroinformativo.com.mx\/index.php?rest_route=%2Fwp%2Fv2%2Fcomments&post=31801"}],"version-history":[{"count":1,"href":"https:\/\/encuentroinformativo.com.mx\/index.php?rest_route=\/wp\/v2\/posts\/31801\/revisions"}],"predecessor-version":[{"id":31802,"href":"https:\/\/encuentroinformativo.com.mx\/index.php?rest_route=\/wp\/v2\/posts\/31801\/revisions\/31802"}],"wp:featuredmedia":[{"embeddable":true,"href":"https:\/\/encuentroinformativo.com.mx\/index.php?rest_route=\/wp\/v2\/media\/387"}],"wp:attachment":[{"href":"https:\/\/encuentroinformativo.com.mx\/index.php?rest_route=%2Fwp%2Fv2%2Fmedia&parent=31801"}],"wp:term":[{"taxonomy":"category","embeddable":true,"href":"https:\/\/encuentroinformativo.com.mx\/index.php?rest_route=%2Fwp%2Fv2%2Fcategories&post=31801"},{"taxonomy":"post_tag","embeddable":true,"href":"https:\/\/encuentroinformativo.com.mx\/index.php?rest_route=%2Fwp%2Fv2%2Ftags&post=31801"}],"curies":[{"name":"wp","href":"https:\/\/api.w.org\/{rel}","templated":true}]}}