{"id":31803,"date":"2022-09-20T09:59:41","date_gmt":"2022-09-20T14:59:41","guid":{"rendered":"https:\/\/encuentroinformativo.com.mx\/?p=31803"},"modified":"2022-09-20T09:59:44","modified_gmt":"2022-09-20T14:59:44","slug":"otro-lunes-casi-de-apocalipsis","status":"publish","type":"post","link":"https:\/\/encuentroinformativo.com.mx\/?p=31803","title":{"rendered":"OTRO LUNES CASI DE APOCALIPSIS"},"content":{"rendered":"\n<p><strong>ColumnaSinNombre<br>@pablojair<\/strong><\/p>\n\n\n\n<ul class=\"wp-block-list\"><li>Hasta dos vuelos diarios entre el AIFA y Veracruz.<\/li><li>Reaparece Javier Duarte en pleno sismo.<\/li><li>Cocotazo del gobernador al senador Julen.<\/li><\/ul>\n\n\n\n<p>\u00bfEntonces ya no es huevos-tibios? \u00bfEs huevos-malotes?<br>&#8211;Chopenjawer<\/p>\n\n\n\n<p>Pues ya estamos en plena temporada de lluvias y nadie puede decir que nunca se nos avis\u00f3, pues septiembre siempre es el comienzo de los aguaceros previos a la temporada decembrina. Ya a estas alturas debemos saber, tanto poblaci\u00f3n como gobierno, que comienzan las lluvias fuertes.<\/p>\n\n\n\n<p>Son varias ocasiones en Veracruz en la que hemos sido testigos de la fuerza de la naturaleza al buscar su cauce cuando se desbordan los r\u00edos.<\/p>\n\n\n\n<p>Se han vivido desgracias mayores, como en 1999, en la zona norte, donde desaparecieron comunidades; o las del hurac\u00e1n Karl, con efectos devastadores en la zona centro. O aquella ocasi\u00f3n en que Tlacotalpan vivi\u00f3 una inundaci\u00f3n hist\u00f3rica y se partieron la carretera y autopista que comunican al sur de Veracruz, por lo que el paso era Oaxaca.<\/p>\n\n\n\n<p>Todav\u00eda se recuerda en el gobierno de Javier Duarte cuando no hubo un s\u00f3lo hurac\u00e1n, aunque s\u00ed hubo fuertes lluvias que luego eran chunga porque el gobernador suspend\u00eda clases por varios d\u00edas.<\/p>\n\n\n\n<p>Mire, para nada es algo negativo; debemos agradecer que hay agua, que hay lluvias. Por meses, por ejemplo, en Nuevo Le\u00f3n no tuvieron lluvias y las presas se secaron. Literalmente el estado no ten\u00eda agua ni para ba\u00f1arse y padecieron casi un escenario apocal\u00edptico\u2026 \u00bfCu\u00e1ndo no nos hemos quedado aunque sea por pocos d\u00edas sin agua? Es desesperante porque todo comienza a convertirse en un foco de infecci\u00f3n, los ba\u00f1os est\u00e1n sucios, no hay para lavar los trastes, etc.<\/p>\n\n\n\n<p>Es de agradecer a la divinidad en la que usted crea que en Veracruz haya agua y siga cayendo.<\/p>\n\n\n\n<p>Que si hay zonas inundadas con habitantes afectados, lo m\u00e1s l\u00f3gico es la respuesta m\u00e1s sencilla: nunca se debi\u00f3 construir ah\u00ed un asentamiento humano; vea usted Xalapa y lo que eran las zonas de los sumideros, hoy colonias enormes llenas de cemento.<\/p>\n\n\n\n<p>Claro, si la gente quiere seguir viviendo ah\u00ed, pues es decisi\u00f3n de ellos.<\/p>\n\n\n\n<p>Independientemente de que haya gente consciente o no, esto no deber\u00eda alejarnos de la solidaridad en tiempos de desgracia para donar agua, comida, una cobija, pa\u00f1ales, ropa\u2026 A veces ni siquiera es necesario que nos organice el gobierno, pues la sociedad civil es la que se pone a trabajar.<\/p>\n\n\n\n<p>Bueno, hasta el crimen organizado luego le da por repartir despensas a afectados y env\u00edan hasta boletines a la prensa, como ocurr\u00eda con \u201cLos Zetas\u201d, cuando entregaron varias despensas en el sur de Veracruz, m\u00e1s espec\u00edficamente en el \u00e1rea rural de Minatitl\u00e1n en 2009. Recientemente, en 2020, en Coatzacoalcos regalaron despensas como apoyo a los afectados por la pandemia.<\/p>\n\n\n\n<p>Es precisamente el 19 de septiembre, D\u00eda Nacional de la Protecci\u00f3n Civil, d\u00eda en que se han sentido los peores sismos en la historia de M\u00e9xico: el de 1985 y el de 2017, es cuando nos acordamos que septiembre no es s\u00f3lo festejos patrios para sentirnos mexicanos, sino que debe ser un sentimiento permanente de solidaridad como pueblo.<\/p>\n\n\n\n<p>Y ah\u00ed est\u00e1n estos siniestros donde se vieron a miles ayudando a buscar desaparecidos o a dar refugio\u2026 \u00bfQui\u00e9n lo iba a pensar? Este 19 de septiembre, poco despu\u00e9s del simulacro nacional, tembl\u00f3 en M\u00e9xico y dej\u00f3 v\u00edctimas fatales.<\/p>\n\n\n\n<p>Dicho lo anterior, si puede ayudar a los que est\u00e1n padeciendo por las lluvias o por el reciente sismo, h\u00e1galo.<\/p>\n\n\n\n<p>Hasta ayer lunes, el reporte en Veracruz era de 22 municipios afectados por las lluvias que no cesan por lo menos en la semana que viene\u2026 En el caso del sismo, hubo dos muertos all\u00e1 en estados del Pac\u00edfico, donde nadie esperaba lo peor.<\/p>\n\n\n\n<p><strong>NOTA PARA PEGAR EN EL REFRI:<\/strong> Que ser\u00e1 alrededor de las 20 horas de este martes cuando el gobernador Cuitl\u00e1huac Garc\u00eda Jim\u00e9nez inaugure de manera oficial los nuevos vuelos entre el recientemente creado Aeropuerto Internacional &#8220;Felipe \u00c1ngeles&#8221; (AIFA) y el aeropuerto &#8220;Heriberto Jara&#8221; del puerto de Veracruz\u2026 De hecho, ya desde este lunes estaba operando el vuelo de las 7:45 de la noche; y para este martes (seg\u00fan la p\u00e1gina de Aerom\u00e9xico) hay otro a las 2:45 de la tarde y nuevamente el de las 7:45; es decir, algunos d\u00edas habr\u00e1 hasta dos vuelos diarios entre Veracruz y el AIFA\u2026 Hasta anoche el costo estaba en 1,334 pesos s\u00f3lo de ida, aunque tambi\u00e9n hay ofertas de hasta 800 y pico si se compra con anticipaci\u00f3n\u2026 Ya sabe, por si quiere ir a ver mamuts y as\u00ed.<\/p>\n\n\n\n<p><strong>OTRA NOTA: <\/strong>El que reapareci\u00f3 en Twitter en pleno momento de susto y desgracia fue el exgobernador Javier Duarte de Ochoa, quien a trav\u00e9s de Twitter envi\u00f3 un mensaje alusivo al 19 de septiembre, d\u00eda donde han ocurrido los dos (ahora tres) sismos que m\u00e1s han marcado la historia moderna de M\u00e9xico\u2026 Es de mencionarse que el 19 de septiembre es tambi\u00e9n cumplea\u00f1os de Duarte de Ochoa, pero la fecha lo marc\u00f3 m\u00e1s porque en 1985, en ese d\u00eda fat\u00eddico para el entonces Distrito Federal, su padre falleci\u00f3 como v\u00edctima del temblor\u2026 Cuando era mandatario estatal, se dec\u00eda en Palacio de Gobierno que \u00e9l no celebraba su cumplea\u00f1os, precisamente por lo ocurrido a su pap\u00e1\u2026 Eso s\u00ed, tantito asom\u00f3 la cabeza en redes sociales, y m\u00e1s f\u00e1cil le cay\u00f3 la tunda de sus &#8220;haters&#8221; que lo quieren tanto.<\/p>\n\n\n\n<p><strong>LA \u00daLTIMA PORQUE AHORA ESTAMOS CON EL ASSASSIN&#8217;S CREED ODYSSEY:<\/strong> &#8220;La gente se quedaba esperando. Ahora yo que recorr\u00eda en los primeros a\u00f1os de mi gobierno, la gente todav\u00eda me dec\u00eda \u2018es que del 2014, del 2017, pues aqu\u00ed nos quedamos esperando\u2019\u2026 \u00bfY qui\u00e9nes gobernaban en ese entonces? \u00bfQui\u00e9nes nos antecedieron? El senador formaba parte del gobierno, pero pues extra\u00f1an la corrupci\u00f3n&#8221;, as\u00ed le contest\u00f3 el gobernador Cuitl\u00e1huac Garc\u00eda Jim\u00e9nez al senador Julen Rementer\u00eda por las cr\u00edticas que \u00e9ste hizo a la declaratoria de emergencia para 13 municipios de Veracruz afectados por las lluvias\u2026 El asunto es que como desaparecieron el mentado Fondo Nacional de Desastres (Fonden), esto es utilizado por los opositores de la 4T para decir que ya no se otorgan recursos desde la Federaci\u00f3n a damnificados, lo que es falso, pues s\u00f3lo desaparecieron el cuestionado mecanismo que s\u00f3lo repart\u00eda dinero y a veces ni siquiera llegaba a los verdaderos afectados, como lo explic\u00f3 el gobernador en su conferencia de prensa de este lunes.<\/p>\n","protected":false},"excerpt":{"rendered":"<p>ColumnaSinNombre@pablojair Hasta dos vuelos diarios entre el AIFA y Veracruz. Reaparece Javier Duarte en pleno sismo. Cocotazo del gobernador al senador Julen. \u00bfEntonces ya no es huevos-tibios? \u00bfEs huevos-malotes?&#8211;Chopenjawer Pues ya estamos en plena temporada de lluvias y nadie puede decir que nunca se nos avis\u00f3, pues septiembre siempre es el comienzo de los aguaceros [&hellip;]<\/p>\n","protected":false},"author":1,"featured_media":488,"comment_status":"open","ping_status":"open","sticky":false,"template":"","format":"standard","meta":{"_jetpack_memberships_contains_paid_content":false,"footnotes":""},"categories":[11],"tags":[],"class_list":["post-31803","post","type-post","status-publish","format-standard","has-post-thumbnail","hentry","category-opinion"],"jetpack_featured_media_url":"https:\/\/encuentroinformativo.com.mx\/wp-content\/uploads\/2020\/03\/F471F608-BA1A-416B-BA7B-BCFB24F4E6D0.jpeg","jetpack_sharing_enabled":true,"jetpack_likes_enabled":true,"amp_enabled":true,"_links":{"self":[{"href":"https:\/\/encuentroinformativo.com.mx\/index.php?rest_route=\/wp\/v2\/posts\/31803","targetHints":{"allow":["GET"]}}],"collection":[{"href":"https:\/\/encuentroinformativo.com.mx\/index.php?rest_route=\/wp\/v2\/posts"}],"about":[{"href":"https:\/\/encuentroinformativo.com.mx\/index.php?rest_route=\/wp\/v2\/types\/post"}],"author":[{"embeddable":true,"href":"https:\/\/encuentroinformativo.com.mx\/index.php?rest_route=\/wp\/v2\/users\/1"}],"replies":[{"embeddable":true,"href":"https:\/\/encuentroinformativo.com.mx\/index.php?rest_route=%2Fwp%2Fv2%2Fcomments&post=31803"}],"version-history":[{"count":1,"href":"https:\/\/encuentroinformativo.com.mx\/index.php?rest_route=\/wp\/v2\/posts\/31803\/revisions"}],"predecessor-version":[{"id":31804,"href":"https:\/\/encuentroinformativo.com.mx\/index.php?rest_route=\/wp\/v2\/posts\/31803\/revisions\/31804"}],"wp:featuredmedia":[{"embeddable":true,"href":"https:\/\/encuentroinformativo.com.mx\/index.php?rest_route=\/wp\/v2\/media\/488"}],"wp:attachment":[{"href":"https:\/\/encuentroinformativo.com.mx\/index.php?rest_route=%2Fwp%2Fv2%2Fmedia&parent=31803"}],"wp:term":[{"taxonomy":"category","embeddable":true,"href":"https:\/\/encuentroinformativo.com.mx\/index.php?rest_route=%2Fwp%2Fv2%2Fcategories&post=31803"},{"taxonomy":"post_tag","embeddable":true,"href":"https:\/\/encuentroinformativo.com.mx\/index.php?rest_route=%2Fwp%2Fv2%2Ftags&post=31803"}],"curies":[{"name":"wp","href":"https:\/\/api.w.org\/{rel}","templated":true}]}}