{"id":31805,"date":"2022-09-20T10:14:22","date_gmt":"2022-09-20T15:14:22","guid":{"rendered":"https:\/\/encuentroinformativo.com.mx\/?p=31805"},"modified":"2022-09-20T10:14:25","modified_gmt":"2022-09-20T15:14:25","slug":"alarmante-el-numero-de-mujeres-desaparecidas-en-veracruz-diputada","status":"publish","type":"post","link":"https:\/\/encuentroinformativo.com.mx\/?p=31805","title":{"rendered":"Alarmante el n\u00famero de mujeres desaparecidas en Veracruz: Diputada"},"content":{"rendered":"\n<p><strong>Alejandro \u00c1vila<\/strong><\/p>\n\n\n\n<p>Veracruz, Ver.- La diputada local, Ver\u00f3nica Pulido Herrera, se\u00f1al\u00f3 es alarmante el n\u00famero de mujeres desaparecidas en la entidad veracruzana.<\/p>\n\n\n\n<p>El reporte del Observatorio Veracruzano de Violencia contra las Mujeres de la Universidad Veracruzana cuenta con un registro de 413 mujeres desaparecidas en lo que va del 2022.<\/p>\n\n\n\n<p>&#8220;De las cuales, 255 son menores de edad, lo que representan el 61 por ciento. Este mismo organismo cuenta con el registro de que en 2021, fueron reportadas como desaparecidas 685 mujeres, los municipios con mayor n\u00famero de casos en este primer semestre son, Veracruz, Xalapa, Mart\u00ednez de la Torre y Poza Rica&#8221;, apunt\u00f3.<\/p>\n\n\n\n<p>La legisladora panista record\u00f3 que, apenas el pasado 13 de septiembre, fue reportada por sus familiares a la Comisi\u00f3n Estatal de B\u00fasqueda, la desaparici\u00f3n de una joven de 16 a\u00f1os; y el pasado 14 de septiembre, hubo reporte de dos j\u00f3venes m\u00e1s, una de 17 y otra de 15 a\u00f1os.<\/p>\n\n\n\n<p>&#8220;Es por ello como diputada local, hago un exhorto al Instituto Veracruzano de las Mujeres, para que el recurso de 9 millones de pesos que entreg\u00f3 la CONAVIM al Estado de Veracruz, sea transparentado y se utilicen programas y proyectos que verdaderamente impacten para erradicar la violencia contra las mujeres en la entidad&#8221;, asest\u00f3.<\/p>\n\n\n\n<p>De igual manera, exhort\u00f3 al Gobierno de Veracruz a que se ocupe en brindarle la seguridad a las mujeres del Estado.<\/p>\n","protected":false},"excerpt":{"rendered":"<p>Alejandro \u00c1vila Veracruz, Ver.- La diputada local, Ver\u00f3nica Pulido Herrera, se\u00f1al\u00f3 es alarmante el n\u00famero de mujeres desaparecidas en la entidad veracruzana. El reporte del Observatorio Veracruzano de Violencia contra las Mujeres de la Universidad Veracruzana cuenta con un registro de 413 mujeres desaparecidas en lo que va del 2022. &#8220;De las cuales, 255 son [&hellip;]<\/p>\n","protected":false},"author":1,"featured_media":31806,"comment_status":"open","ping_status":"open","sticky":false,"template":"","format":"standard","meta":{"_jetpack_memberships_contains_paid_content":false,"footnotes":""},"categories":[2],"tags":[],"class_list":["post-31805","post","type-post","status-publish","format-standard","has-post-thumbnail","hentry","category-estado"],"jetpack_featured_media_url":"https:\/\/encuentroinformativo.com.mx\/wp-content\/uploads\/2022\/09\/6F5ED0A0-9B67-41E9-800A-EA50AE0137BA.jpeg","jetpack_sharing_enabled":true,"jetpack_likes_enabled":true,"amp_enabled":true,"_links":{"self":[{"href":"https:\/\/encuentroinformativo.com.mx\/index.php?rest_route=\/wp\/v2\/posts\/31805","targetHints":{"allow":["GET"]}}],"collection":[{"href":"https:\/\/encuentroinformativo.com.mx\/index.php?rest_route=\/wp\/v2\/posts"}],"about":[{"href":"https:\/\/encuentroinformativo.com.mx\/index.php?rest_route=\/wp\/v2\/types\/post"}],"author":[{"embeddable":true,"href":"https:\/\/encuentroinformativo.com.mx\/index.php?rest_route=\/wp\/v2\/users\/1"}],"replies":[{"embeddable":true,"href":"https:\/\/encuentroinformativo.com.mx\/index.php?rest_route=%2Fwp%2Fv2%2Fcomments&post=31805"}],"version-history":[{"count":1,"href":"https:\/\/encuentroinformativo.com.mx\/index.php?rest_route=\/wp\/v2\/posts\/31805\/revisions"}],"predecessor-version":[{"id":31807,"href":"https:\/\/encuentroinformativo.com.mx\/index.php?rest_route=\/wp\/v2\/posts\/31805\/revisions\/31807"}],"wp:featuredmedia":[{"embeddable":true,"href":"https:\/\/encuentroinformativo.com.mx\/index.php?rest_route=\/wp\/v2\/media\/31806"}],"wp:attachment":[{"href":"https:\/\/encuentroinformativo.com.mx\/index.php?rest_route=%2Fwp%2Fv2%2Fmedia&parent=31805"}],"wp:term":[{"taxonomy":"category","embeddable":true,"href":"https:\/\/encuentroinformativo.com.mx\/index.php?rest_route=%2Fwp%2Fv2%2Fcategories&post=31805"},{"taxonomy":"post_tag","embeddable":true,"href":"https:\/\/encuentroinformativo.com.mx\/index.php?rest_route=%2Fwp%2Fv2%2Ftags&post=31805"}],"curies":[{"name":"wp","href":"https:\/\/api.w.org\/{rel}","templated":true}]}}