{"id":31808,"date":"2022-09-20T10:31:54","date_gmt":"2022-09-20T15:31:54","guid":{"rendered":"https:\/\/encuentroinformativo.com.mx\/?p=31808"},"modified":"2022-09-20T10:31:58","modified_gmt":"2022-09-20T15:31:58","slug":"sos-para-ladrilleros-de-medellin-afectadas-100-familias","status":"publish","type":"post","link":"https:\/\/encuentroinformativo.com.mx\/?p=31808","title":{"rendered":"SOS para ladrilleros de Medell\u00edn, afectadas 100 familias"},"content":{"rendered":"\n<p><strong>Alejandro \u00c1vila<\/strong><\/p>\n\n\n\n<p>Medell\u00edn de Bravo, Ver.- Ladrilleros de diversas localidades del municipio de Medell\u00edn de Bravo solicitaron el apoyo de las autoridades gubernamentales, pues las lluvias provocaron anegaciones.<\/p>\n\n\n\n<p>Sara Lara, una de las afectadas explico que desde hace aproximadamente 5 d\u00edas dejaron de producir tabique, debido a las fuertes lluvias, provocando que m\u00e1s de 100 familias se quedar\u00e1n sin su sustento diario.<\/p>\n\n\n\n<p>Las ladrilleras se encuentran ubicadas en las localidades de El Tejar, El Atranc\u00f3n, Rancho del Padre, entre otras, ya que en el municipio de Medell\u00edn de Bravo, varias familias se dedican a la producci\u00f3n de tabique.<\/p>\n\n\n\n<p>&#8220;Las p\u00e9rdidas han sido afectaciones en el tabique que est\u00e1 seco, se moja, se cae y se rompen, y no se han podido quemar los hornos porque la le\u00f1a se humedece demasiado, o las bases y no se puede quemar el tabique, entonces tampoco hay avances de producci\u00f3n&#8221;, mencion\u00f3 Sara Lara.<\/p>\n\n\n\n<p>Los ladrilleros afectados solicitan apoyo con despensas o econ\u00f3mico, ya que se tiene previsto que las lluvias contin\u00faen durante las pr\u00f3ximas semanas, y esto afectar\u00e1 a las familias que dependen de su trabajo.<\/p>\n\n\n\n<p>&#8220;Las oportunidades de trabajo que hay afuera son muy escasas, y tambi\u00e9n en lo que van consiguiendo otro trabajo, por as\u00ed decirlo, se lleva mucho tiempo. Ellos est\u00e1n pidiendo apoyo econ\u00f3mico o apoyo en despensas, van ni\u00f1os a la escuela, entonces ah\u00ed sabr\u00e1 el gobierno la necesidad de tantas semanas, de tantos d\u00edas que no se ha podido laborar, incluso unos han querido, pero los patios donde se trabaja est\u00e1 todo anegado&#8221;, culmin\u00f3.<\/p>\n\n\n\n<figure class=\"wp-block-image size-large\"><img loading=\"lazy\" decoding=\"async\" width=\"1015\" height=\"1024\" src=\"https:\/\/encuentroinformativo.com.mx\/wp-content\/uploads\/2022\/09\/25B07EE2-E784-4CBD-B9F8-0976EF02AABB-1015x1024.jpeg\" alt=\"\" class=\"wp-image-31810\" srcset=\"https:\/\/encuentroinformativo.com.mx\/wp-content\/uploads\/2022\/09\/25B07EE2-E784-4CBD-B9F8-0976EF02AABB-1015x1024.jpeg 1015w, https:\/\/encuentroinformativo.com.mx\/wp-content\/uploads\/2022\/09\/25B07EE2-E784-4CBD-B9F8-0976EF02AABB-297x300.jpeg 297w, https:\/\/encuentroinformativo.com.mx\/wp-content\/uploads\/2022\/09\/25B07EE2-E784-4CBD-B9F8-0976EF02AABB-150x150.jpeg 150w, https:\/\/encuentroinformativo.com.mx\/wp-content\/uploads\/2022\/09\/25B07EE2-E784-4CBD-B9F8-0976EF02AABB-768x775.jpeg 768w, https:\/\/encuentroinformativo.com.mx\/wp-content\/uploads\/2022\/09\/25B07EE2-E784-4CBD-B9F8-0976EF02AABB.jpeg 1170w\" sizes=\"auto, (max-width: 1015px) 100vw, 1015px\" \/><\/figure>\n","protected":false},"excerpt":{"rendered":"<p>Alejandro \u00c1vila Medell\u00edn de Bravo, Ver.- Ladrilleros de diversas localidades del municipio de Medell\u00edn de Bravo solicitaron el apoyo de las autoridades gubernamentales, pues las lluvias provocaron anegaciones. Sara Lara, una de las afectadas explico que desde hace aproximadamente 5 d\u00edas dejaron de producir tabique, debido a las fuertes lluvias, provocando que m\u00e1s de 100 [&hellip;]<\/p>\n","protected":false},"author":1,"featured_media":31809,"comment_status":"open","ping_status":"open","sticky":false,"template":"","format":"standard","meta":{"_jetpack_memberships_contains_paid_content":false,"footnotes":""},"categories":[2],"tags":[],"class_list":["post-31808","post","type-post","status-publish","format-standard","has-post-thumbnail","hentry","category-estado"],"jetpack_featured_media_url":"https:\/\/encuentroinformativo.com.mx\/wp-content\/uploads\/2022\/09\/C2752DB6-B63F-4829-A683-0F2F92485EE1.jpeg","jetpack_sharing_enabled":true,"jetpack_likes_enabled":true,"amp_enabled":true,"_links":{"self":[{"href":"https:\/\/encuentroinformativo.com.mx\/index.php?rest_route=\/wp\/v2\/posts\/31808","targetHints":{"allow":["GET"]}}],"collection":[{"href":"https:\/\/encuentroinformativo.com.mx\/index.php?rest_route=\/wp\/v2\/posts"}],"about":[{"href":"https:\/\/encuentroinformativo.com.mx\/index.php?rest_route=\/wp\/v2\/types\/post"}],"author":[{"embeddable":true,"href":"https:\/\/encuentroinformativo.com.mx\/index.php?rest_route=\/wp\/v2\/users\/1"}],"replies":[{"embeddable":true,"href":"https:\/\/encuentroinformativo.com.mx\/index.php?rest_route=%2Fwp%2Fv2%2Fcomments&post=31808"}],"version-history":[{"count":1,"href":"https:\/\/encuentroinformativo.com.mx\/index.php?rest_route=\/wp\/v2\/posts\/31808\/revisions"}],"predecessor-version":[{"id":31811,"href":"https:\/\/encuentroinformativo.com.mx\/index.php?rest_route=\/wp\/v2\/posts\/31808\/revisions\/31811"}],"wp:featuredmedia":[{"embeddable":true,"href":"https:\/\/encuentroinformativo.com.mx\/index.php?rest_route=\/wp\/v2\/media\/31809"}],"wp:attachment":[{"href":"https:\/\/encuentroinformativo.com.mx\/index.php?rest_route=%2Fwp%2Fv2%2Fmedia&parent=31808"}],"wp:term":[{"taxonomy":"category","embeddable":true,"href":"https:\/\/encuentroinformativo.com.mx\/index.php?rest_route=%2Fwp%2Fv2%2Fcategories&post=31808"},{"taxonomy":"post_tag","embeddable":true,"href":"https:\/\/encuentroinformativo.com.mx\/index.php?rest_route=%2Fwp%2Fv2%2Ftags&post=31808"}],"curies":[{"name":"wp","href":"https:\/\/api.w.org\/{rel}","templated":true}]}}