{"id":31815,"date":"2022-09-20T12:39:35","date_gmt":"2022-09-20T17:39:35","guid":{"rendered":"https:\/\/encuentroinformativo.com.mx\/?p=31815"},"modified":"2022-09-20T12:39:39","modified_gmt":"2022-09-20T17:39:39","slug":"con-protesta-reclaman-docentes-para-telesecundaria-de-coatepec","status":"publish","type":"post","link":"https:\/\/encuentroinformativo.com.mx\/?p=31815","title":{"rendered":"Con protesta, reclaman docentes para Telesecundaria de Coatepec"},"content":{"rendered":"\n<p><strong>Juan Arcos<\/strong><\/p>\n\n\n\n<p>Xalapa, Ver.- Padres de familia y estudiantes tomaron la escuela telesecundaria \u201cAdolfo Ruiz Cortines\u201d, ubicada en la localidad Vaquer\u00eda, municipio de Coatepec, debido a la falta de dos docentes desde que inici\u00f3 el ciclo escolar 2022-2023.<\/p>\n\n\n\n<p>Los pap\u00e1s est\u00e1n molestos por el mal servicio educativo que han recibido sus hijos durante las \u00faltimas semanas por las carencias en materia de capital humano.<\/p>\n\n\n\n<p>Los quejosos amagaron con bloquear la carretera Coatepec-Las Trancas y tomar la Supervisi\u00f3n Escolar de la zona n\u00famero 06, de la ciudad de Xalapa, si no son atendidas sus peticiones.<\/p>\n\n\n\n<p>Una madre de familia, quien solicit\u00f3 el anonimato, denunci\u00f3 que han solicitado apoyo de las autoridades educativas pero solo les han dado largas.<\/p>\n\n\n\n<p>&#8220;Nos est\u00e1n dando largas, diciendo que llegaban a la siguiente semana del inicio de clases, posteriormente se estuvo gestionando en la Supervisi\u00f3n pero nos dec\u00edan que a m\u00e1s tardar el 16 de septiembre llegaban&#8221;, expres\u00f3.<\/p>\n\n\n\n<p>Los inconformes se manifestaron en el plantel desde antes de las ocho de la ma\u00f1ana, en dicha zona cercana a la localidad Tuzamapan.<\/p>\n\n\n\n<p>&#8220;S\u00f3lo tenemos una docente que est\u00e1 atendiendo a los dos grados, entonces no podemos permanecer as\u00ed porque los alumnos, a ninguno se le est\u00e1 dando la atenci\u00f3n que corresponde\u201d, a\u00f1adi\u00f3.<\/p>\n\n\n\n<p>Las mam\u00e1s y pap\u00e1s exigen una pronta soluci\u00f3n por parte de la Secretar\u00eda de Educaci\u00f3n de Veracruz (SEV).<\/p>\n","protected":false},"excerpt":{"rendered":"<p>Juan Arcos Xalapa, Ver.- Padres de familia y estudiantes tomaron la escuela telesecundaria \u201cAdolfo Ruiz Cortines\u201d, ubicada en la localidad Vaquer\u00eda, municipio de Coatepec, debido a la falta de dos docentes desde que inici\u00f3 el ciclo escolar 2022-2023. Los pap\u00e1s est\u00e1n molestos por el mal servicio educativo que han recibido sus hijos durante las \u00faltimas [&hellip;]<\/p>\n","protected":false},"author":1,"featured_media":31816,"comment_status":"open","ping_status":"open","sticky":false,"template":"","format":"standard","meta":{"_jetpack_memberships_contains_paid_content":false,"footnotes":""},"categories":[8],"tags":[],"class_list":["post-31815","post","type-post","status-publish","format-standard","has-post-thumbnail","hentry","category-region"],"jetpack_featured_media_url":"https:\/\/encuentroinformativo.com.mx\/wp-content\/uploads\/2022\/09\/8584EBAB-F5AE-46F9-A44B-0288CCB1EA80.jpeg","jetpack_sharing_enabled":true,"jetpack_likes_enabled":true,"amp_enabled":true,"_links":{"self":[{"href":"https:\/\/encuentroinformativo.com.mx\/index.php?rest_route=\/wp\/v2\/posts\/31815","targetHints":{"allow":["GET"]}}],"collection":[{"href":"https:\/\/encuentroinformativo.com.mx\/index.php?rest_route=\/wp\/v2\/posts"}],"about":[{"href":"https:\/\/encuentroinformativo.com.mx\/index.php?rest_route=\/wp\/v2\/types\/post"}],"author":[{"embeddable":true,"href":"https:\/\/encuentroinformativo.com.mx\/index.php?rest_route=\/wp\/v2\/users\/1"}],"replies":[{"embeddable":true,"href":"https:\/\/encuentroinformativo.com.mx\/index.php?rest_route=%2Fwp%2Fv2%2Fcomments&post=31815"}],"version-history":[{"count":1,"href":"https:\/\/encuentroinformativo.com.mx\/index.php?rest_route=\/wp\/v2\/posts\/31815\/revisions"}],"predecessor-version":[{"id":31817,"href":"https:\/\/encuentroinformativo.com.mx\/index.php?rest_route=\/wp\/v2\/posts\/31815\/revisions\/31817"}],"wp:featuredmedia":[{"embeddable":true,"href":"https:\/\/encuentroinformativo.com.mx\/index.php?rest_route=\/wp\/v2\/media\/31816"}],"wp:attachment":[{"href":"https:\/\/encuentroinformativo.com.mx\/index.php?rest_route=%2Fwp%2Fv2%2Fmedia&parent=31815"}],"wp:term":[{"taxonomy":"category","embeddable":true,"href":"https:\/\/encuentroinformativo.com.mx\/index.php?rest_route=%2Fwp%2Fv2%2Fcategories&post=31815"},{"taxonomy":"post_tag","embeddable":true,"href":"https:\/\/encuentroinformativo.com.mx\/index.php?rest_route=%2Fwp%2Fv2%2Ftags&post=31815"}],"curies":[{"name":"wp","href":"https:\/\/api.w.org\/{rel}","templated":true}]}}