{"id":31820,"date":"2022-09-20T14:07:16","date_gmt":"2022-09-20T19:07:16","guid":{"rendered":"https:\/\/encuentroinformativo.com.mx\/?p=31820"},"modified":"2022-09-20T14:07:20","modified_gmt":"2022-09-20T19:07:20","slug":"migrantes-victimas-de-robos-denuncia-asociacion","status":"publish","type":"post","link":"https:\/\/encuentroinformativo.com.mx\/?p=31820","title":{"rendered":"Migrantes v\u00edctimas de robos, denuncia Asociaci\u00f3n"},"content":{"rendered":"\n<p><strong>Juan Arcos <\/strong><\/p>\n\n\n\n<p>Xalapa, Ver.- La Asociaci\u00f3n Internacional de Derechos Humanos brinda acompa\u00f1amiento a migrantes que pasan por Veracruz y otras entidades con direcci\u00f3n a la frontera norte del pa\u00eds.<\/p>\n\n\n\n<p>Elofanes Bellin M\u00e1laga, presidente de la organizaci\u00f3n civil, indic\u00f3 que son miles de personas centroamericanas que recorren la Rep\u00fablica Mexicana, en busca de mejores condiciones laborales en Estados Unidos.<\/p>\n\n\n\n<p>En conferencia de prensa, realizada en esta ciudad de Xalapa, detall\u00f3 que al d\u00eda la asociaci\u00f3n a su cargo atiende a 300 o 400 migrantes en Reynosa, estado de Tamaulipas.<\/p>\n\n\n\n<p>Tambi\u00e9n mencion\u00f3 que los indocumentados han sido v\u00edctimas de robos por parte de la misma polic\u00eda, agentes de migraci\u00f3n o elementos de la Guardia Nacional (GN).\u00a0<br>Este martes, fue presentada la Asociaci\u00f3n Internacional de Derechos Humanos, cuya sede se encuentra en Whashington, Estados Unidos.<\/p>\n\n\n\n<p>La organizaci\u00f3n busca apoyar a la poblaci\u00f3n cuyos derechos han sido violentados para que tenga acceso a la justicia.<\/p>\n\n\n\n<p>Adem\u00e1s, rindieron protesta los integrantes de esta asociaci\u00f3n en el estado de Veracruz, donde Ausencio L\u00f3pez Pacheco fue nombrado delegado internacional en esta capital.<\/p>\n\n\n\n<p>Tambi\u00e9n Miguel \u00c1ngel Vergara Hern\u00e1ndez fue designado como subdirector en el estado de Veracruz; Juana Marcela Sosa S\u00e1nchez, como coordinadora estatal de Enlaces en Veracruz; Mar\u00eda Etelvina Hern\u00e1ndez Morales, como asistente, al igual que \u00darsula Rojo Amor, Maricruz Z\u00e1rate D\u00edaz, Oscar P\u00e9rez In\u00e9s y Gustavo Eduardo Puente Silva, como asesor t\u00e9cnico. As\u00ed como Elvia Rend\u00f3n Cruz y Jorge Velasco Hern\u00e1ndez.<\/p>\n\n\n\n<p>La Asociaci\u00f3n Internacional de Derechos Humanos tiene presencia en los estados de Tamaulipas, Oaxaca, Chiapas, Tabasco, Nuevo Le\u00f3n y Veracruz.<\/p>\n\n\n\n<p>Sus oficinas en esta ciudad de Xalapa est\u00e1n sobre la\u00a0<a href=\"https:\/\/www.google.com\/maps\/search\/avenida+Araucarias,+n%C3%BAmero+389?entry=gmail&amp;source=g\">avenida Araucarias, n\u00famero 389<\/a>, en la colonia Jardines de las \u00c1nimas, con el n\u00famero telef\u00f3nico 228-35-22-93, extensi\u00f3n 601.<\/p>\n","protected":false},"excerpt":{"rendered":"<p>Juan Arcos Xalapa, Ver.- La Asociaci\u00f3n Internacional de Derechos Humanos brinda acompa\u00f1amiento a migrantes que pasan por Veracruz y otras entidades con direcci\u00f3n a la frontera norte del pa\u00eds. Elofanes Bellin M\u00e1laga, presidente de la organizaci\u00f3n civil, indic\u00f3 que son miles de personas centroamericanas que recorren la Rep\u00fablica Mexicana, en busca de mejores condiciones laborales [&hellip;]<\/p>\n","protected":false},"author":1,"featured_media":31821,"comment_status":"open","ping_status":"open","sticky":false,"template":"","format":"standard","meta":{"_jetpack_memberships_contains_paid_content":false,"footnotes":""},"categories":[2],"tags":[],"class_list":["post-31820","post","type-post","status-publish","format-standard","has-post-thumbnail","hentry","category-estado"],"jetpack_featured_media_url":"https:\/\/encuentroinformativo.com.mx\/wp-content\/uploads\/2022\/09\/FC30422D-61A1-42DA-AA75-D8D17CDFC5E5.jpeg","jetpack_sharing_enabled":true,"jetpack_likes_enabled":true,"amp_enabled":true,"_links":{"self":[{"href":"https:\/\/encuentroinformativo.com.mx\/index.php?rest_route=\/wp\/v2\/posts\/31820","targetHints":{"allow":["GET"]}}],"collection":[{"href":"https:\/\/encuentroinformativo.com.mx\/index.php?rest_route=\/wp\/v2\/posts"}],"about":[{"href":"https:\/\/encuentroinformativo.com.mx\/index.php?rest_route=\/wp\/v2\/types\/post"}],"author":[{"embeddable":true,"href":"https:\/\/encuentroinformativo.com.mx\/index.php?rest_route=\/wp\/v2\/users\/1"}],"replies":[{"embeddable":true,"href":"https:\/\/encuentroinformativo.com.mx\/index.php?rest_route=%2Fwp%2Fv2%2Fcomments&post=31820"}],"version-history":[{"count":1,"href":"https:\/\/encuentroinformativo.com.mx\/index.php?rest_route=\/wp\/v2\/posts\/31820\/revisions"}],"predecessor-version":[{"id":31822,"href":"https:\/\/encuentroinformativo.com.mx\/index.php?rest_route=\/wp\/v2\/posts\/31820\/revisions\/31822"}],"wp:featuredmedia":[{"embeddable":true,"href":"https:\/\/encuentroinformativo.com.mx\/index.php?rest_route=\/wp\/v2\/media\/31821"}],"wp:attachment":[{"href":"https:\/\/encuentroinformativo.com.mx\/index.php?rest_route=%2Fwp%2Fv2%2Fmedia&parent=31820"}],"wp:term":[{"taxonomy":"category","embeddable":true,"href":"https:\/\/encuentroinformativo.com.mx\/index.php?rest_route=%2Fwp%2Fv2%2Fcategories&post=31820"},{"taxonomy":"post_tag","embeddable":true,"href":"https:\/\/encuentroinformativo.com.mx\/index.php?rest_route=%2Fwp%2Fv2%2Ftags&post=31820"}],"curies":[{"name":"wp","href":"https:\/\/api.w.org\/{rel}","templated":true}]}}