{"id":31826,"date":"2022-09-20T15:24:31","date_gmt":"2022-09-20T20:24:31","guid":{"rendered":"https:\/\/encuentroinformativo.com.mx\/?p=31826"},"modified":"2022-09-20T15:24:35","modified_gmt":"2022-09-20T20:24:35","slug":"menos-del-10-de-municipios-cuenta-con-fondos-para-atender-emergencias","status":"publish","type":"post","link":"https:\/\/encuentroinformativo.com.mx\/?p=31826","title":{"rendered":"Menos del 10% de municipios cuenta con fondos para atender emergencias"},"content":{"rendered":"\n<p><strong>Juan Arcos<\/strong><\/p>\n\n\n\n<p>Xalapa, Ver.- Solo el 9.9 por ciento de los 212 municipios de Veracruz cuenta con un fondo propio para la atenci\u00f3n de emergencias y desastres naturales.<\/p>\n\n\n\n<p>La entidad es una de las pocas que cuentan con dicho fondo, mismo que permite la operaci\u00f3n de las \u00e1reas de protecci\u00f3n civil.<\/p>\n\n\n\n<p>De acuerdo con cifras del Instituto Nacional de Estad\u00edstica, Geograf\u00eda e Informaci\u00f3n (INEGI), a nivel nacional, en tareas de protecci\u00f3n civil se observ\u00f3 una tasa de tres servidoras o servidores p\u00fablicos estatales por cada 100 mil habitantes. En el \u00e1mbito municipal, fue de 34.7.<\/p>\n\n\n\n<p>El atlas de riesgo fue el instrumento de prevenci\u00f3n y planeaci\u00f3n en la mayor\u00eda de los gobiernos estatales (28 entidades). Sin embargo, solo 37 por ciento de los municipios del pa\u00eds contaba con este.<\/p>\n\n\n\n<p>En 2021, 11 gobiernos estatales dispusieron de un fondo propio para la atenci\u00f3n de emergencias y desastres. En 2020, 7.6 por ciento de los municipios del pa\u00eds dispuso de este tipo de fondo.<\/p>\n\n\n\n<p>Cabe recordar que, en 2001, el Gobierno de Rep\u00fablica declar\u00f3 el 19 de septiembre como el D\u00eda Nacional de Protecci\u00f3n Civil.<\/p>\n\n\n\n<p>La fecha conmemora las experiencias que dejaron los terremotos ocurridos en septiembre de 1985 y 2017; sin embargo, el d\u00eda de ayer se registr\u00f3 otro de magnitud 7.7 con epicentro en el estado de Michoac\u00e1n.<\/p>\n\n\n\n<p>El prop\u00f3sito de este d\u00eda es concientizar a la sociedad mexicana sobre la importancia de prepararse y emprender medidas de protecci\u00f3n para hacer frente, con responsabilidad y conocimiento, a eventos ocasionados por fen\u00f3menos naturales y de origen humano.<\/p>\n","protected":false},"excerpt":{"rendered":"<p>Juan Arcos Xalapa, Ver.- Solo el 9.9 por ciento de los 212 municipios de Veracruz cuenta con un fondo propio para la atenci\u00f3n de emergencias y desastres naturales. La entidad es una de las pocas que cuentan con dicho fondo, mismo que permite la operaci\u00f3n de las \u00e1reas de protecci\u00f3n civil. De acuerdo con cifras [&hellip;]<\/p>\n","protected":false},"author":1,"featured_media":31827,"comment_status":"open","ping_status":"open","sticky":false,"template":"","format":"standard","meta":{"_jetpack_memberships_contains_paid_content":false,"footnotes":""},"categories":[2],"tags":[],"class_list":["post-31826","post","type-post","status-publish","format-standard","has-post-thumbnail","hentry","category-estado"],"jetpack_featured_media_url":"https:\/\/encuentroinformativo.com.mx\/wp-content\/uploads\/2022\/09\/B43FF684-45E0-4F25-B971-1AB368393062.jpeg","jetpack_sharing_enabled":true,"jetpack_likes_enabled":true,"amp_enabled":true,"_links":{"self":[{"href":"https:\/\/encuentroinformativo.com.mx\/index.php?rest_route=\/wp\/v2\/posts\/31826","targetHints":{"allow":["GET"]}}],"collection":[{"href":"https:\/\/encuentroinformativo.com.mx\/index.php?rest_route=\/wp\/v2\/posts"}],"about":[{"href":"https:\/\/encuentroinformativo.com.mx\/index.php?rest_route=\/wp\/v2\/types\/post"}],"author":[{"embeddable":true,"href":"https:\/\/encuentroinformativo.com.mx\/index.php?rest_route=\/wp\/v2\/users\/1"}],"replies":[{"embeddable":true,"href":"https:\/\/encuentroinformativo.com.mx\/index.php?rest_route=%2Fwp%2Fv2%2Fcomments&post=31826"}],"version-history":[{"count":1,"href":"https:\/\/encuentroinformativo.com.mx\/index.php?rest_route=\/wp\/v2\/posts\/31826\/revisions"}],"predecessor-version":[{"id":31828,"href":"https:\/\/encuentroinformativo.com.mx\/index.php?rest_route=\/wp\/v2\/posts\/31826\/revisions\/31828"}],"wp:featuredmedia":[{"embeddable":true,"href":"https:\/\/encuentroinformativo.com.mx\/index.php?rest_route=\/wp\/v2\/media\/31827"}],"wp:attachment":[{"href":"https:\/\/encuentroinformativo.com.mx\/index.php?rest_route=%2Fwp%2Fv2%2Fmedia&parent=31826"}],"wp:term":[{"taxonomy":"category","embeddable":true,"href":"https:\/\/encuentroinformativo.com.mx\/index.php?rest_route=%2Fwp%2Fv2%2Fcategories&post=31826"},{"taxonomy":"post_tag","embeddable":true,"href":"https:\/\/encuentroinformativo.com.mx\/index.php?rest_route=%2Fwp%2Fv2%2Ftags&post=31826"}],"curies":[{"name":"wp","href":"https:\/\/api.w.org\/{rel}","templated":true}]}}