{"id":3184,"date":"2020-06-08T16:11:23","date_gmt":"2020-06-08T21:11:23","guid":{"rendered":"https:\/\/encuentroinformativo.com\/?p=3184"},"modified":"2020-06-08T16:11:25","modified_gmt":"2020-06-08T21:11:25","slug":"ciudadanos-se-pronuncian-por-aprobar-revocacion-de-mandato","status":"publish","type":"post","link":"https:\/\/encuentroinformativo.com.mx\/?p=3184","title":{"rendered":"Ciudadanos se pronuncian por aprobar revocaci\u00f3n de mandato"},"content":{"rendered":"\n<p><strong>Dar\u00edo Pale <\/strong><\/p>\n\n\n\n<p>Xalapa, Ver.- Ciudadanos veracruzanos exigieron al gobernador Cuitl\u00e1huac Garc\u00eda Jim\u00e9nez ejercer su derecho al veto para aplicarlo en la reforma electoral que evita la revocaci\u00f3n de cargos de elecci\u00f3n popular.<\/p>\n\n\n\n<p>En conferencia de prensa realizada en conocido caf\u00e9 del centro de Xalapa dieron a conocer que solicitan tambi\u00e9n que los cabildos municipales emitan un voto soberano popular contra la reforma mencionada, rechazando todas las recomendaciones o intimidaciones de los representantes o enviados de grupos de la \u00e9lite del poder y se reivindiquen as\u00ed ante el pueblo.<\/p>\n\n\n\n<p>Adem\u00e1s, demandaron a los cabildos emitir un voto contra la reforma y rechacen todas las recomendaciones o intimidaciones de los representantes o enviados de grupos de la \u00e9lite corrupta del poder y se reivindiquen as\u00ed ante el pueblo.<\/p>\n\n\n\n<p>\u201cA todos los que contribuyeron a convencer a la poblaci\u00f3n a dar su voto al Movimiento de Regeneraci\u00f3n Nacional, hacemos un llamado para que act\u00faen en congruencia con los principios, los estatutos y plan de Morena; y, con el presidente Andr\u00e9s Manuel L\u00f3pez Obrador para dignificar la vida del pa\u00eds y coadyuvar as\u00ed, con su nuevo r\u00e9gimen, en donde la corrupci\u00f3n ya no tiene cabida\u201d, se\u00f1al\u00f3.<\/p>\n\n\n\n<p>Record\u00f3 que 5 de junio entregaron un oficio al presidente de la Junta de Coordinaci\u00f3n Pol\u00edtica de la Legislatura, Juan Javier G\u00f3mez Cazar\u00edn, y al gobernador Cuitl\u00e1huac Garc\u00eda, para demandar la correcci\u00f3n de la reforma.\u00a0<br>Hay que recordar que se aprob\u00f3 una reforma del art\u00edculo 15 fracci\u00f3n V inciso C de la Constituci\u00f3n Pol\u00edtica del Estado de Veracruz de Ignacio de la Llave, para que no puedan ser objeto de Consulta Popular, la permanencia en el cargo de los servidores de elecci\u00f3n popular.<\/p>\n\n\n\n<p>\u201cCreemos que no se puede justificar por motivos de austeridad republicana, como lo hicieran los legisladores de Morena en sus consideraciones de tal Anexo en comento y como lo hizo, el gobernador en los medios de comunicaci\u00f3n diciendo que se elimin\u00f3 la revocaci\u00f3n de mandato porque significaba un gasto para los veracruzanos\u201d finaliz\u00f3.<\/p>\n\n\n\n<p><\/p>\n","protected":false},"excerpt":{"rendered":"<p>Dar\u00edo Pale Xalapa, Ver.- Ciudadanos veracruzanos exigieron al gobernador Cuitl\u00e1huac Garc\u00eda Jim\u00e9nez ejercer su derecho al veto para aplicarlo en la reforma electoral que evita la revocaci\u00f3n de cargos de elecci\u00f3n popular. En conferencia de prensa realizada en conocido caf\u00e9 del centro de Xalapa dieron a conocer que solicitan tambi\u00e9n que los cabildos municipales emitan [&hellip;]<\/p>\n","protected":false},"author":1,"featured_media":3185,"comment_status":"open","ping_status":"open","sticky":false,"template":"","format":"standard","meta":{"_jetpack_memberships_contains_paid_content":false,"footnotes":""},"categories":[3],"tags":[],"class_list":["post-3184","post","type-post","status-publish","format-standard","has-post-thumbnail","hentry","category-xalapa"],"jetpack_featured_media_url":"https:\/\/encuentroinformativo.com.mx\/wp-content\/uploads\/2020\/06\/E1534DD4-A007-42A0-8420-B288179B97E8.jpeg","jetpack_sharing_enabled":true,"jetpack_likes_enabled":true,"amp_enabled":true,"_links":{"self":[{"href":"https:\/\/encuentroinformativo.com.mx\/index.php?rest_route=\/wp\/v2\/posts\/3184","targetHints":{"allow":["GET"]}}],"collection":[{"href":"https:\/\/encuentroinformativo.com.mx\/index.php?rest_route=\/wp\/v2\/posts"}],"about":[{"href":"https:\/\/encuentroinformativo.com.mx\/index.php?rest_route=\/wp\/v2\/types\/post"}],"author":[{"embeddable":true,"href":"https:\/\/encuentroinformativo.com.mx\/index.php?rest_route=\/wp\/v2\/users\/1"}],"replies":[{"embeddable":true,"href":"https:\/\/encuentroinformativo.com.mx\/index.php?rest_route=%2Fwp%2Fv2%2Fcomments&post=3184"}],"version-history":[{"count":1,"href":"https:\/\/encuentroinformativo.com.mx\/index.php?rest_route=\/wp\/v2\/posts\/3184\/revisions"}],"predecessor-version":[{"id":3186,"href":"https:\/\/encuentroinformativo.com.mx\/index.php?rest_route=\/wp\/v2\/posts\/3184\/revisions\/3186"}],"wp:featuredmedia":[{"embeddable":true,"href":"https:\/\/encuentroinformativo.com.mx\/index.php?rest_route=\/wp\/v2\/media\/3185"}],"wp:attachment":[{"href":"https:\/\/encuentroinformativo.com.mx\/index.php?rest_route=%2Fwp%2Fv2%2Fmedia&parent=3184"}],"wp:term":[{"taxonomy":"category","embeddable":true,"href":"https:\/\/encuentroinformativo.com.mx\/index.php?rest_route=%2Fwp%2Fv2%2Fcategories&post=3184"},{"taxonomy":"post_tag","embeddable":true,"href":"https:\/\/encuentroinformativo.com.mx\/index.php?rest_route=%2Fwp%2Fv2%2Ftags&post=3184"}],"curies":[{"name":"wp","href":"https:\/\/api.w.org\/{rel}","templated":true}]}}