{"id":31854,"date":"2022-09-21T12:00:11","date_gmt":"2022-09-21T17:00:11","guid":{"rendered":"https:\/\/encuentroinformativo.com.mx\/?p=31854"},"modified":"2022-09-21T12:00:15","modified_gmt":"2022-09-21T17:00:15","slug":"analiza-bienestar-eliminar-medidas-sanitarias-en-escuelas-y-negocios","status":"publish","type":"post","link":"https:\/\/encuentroinformativo.com.mx\/?p=31854","title":{"rendered":"Analiza Bienestar eliminar medidas sanitarias en escuelas y negocios"},"content":{"rendered":"\n<p><strong>Dar\u00edo Pale<\/strong><\/p>\n\n\n\n<p>Xalapa, Ver.- Est\u00e1n analizando eliminar las restricciones como el uso de cubrebocas y gel antibacterial en las entradas de los negocios y las escuelas, as\u00ed lo inform\u00f3 el delegado de los programas federales de la Secretar\u00eda del Bienestar, Manuel Huerta Ladr\u00f3n de Guevara.<\/p>\n\n\n\n<p>En entrevista durante la jornada de vacunaci\u00f3n dio a conocer que en el pulso de la salud, el gobierno Federal analiza eliminar ya las incapacidades para los trabajadores por motivos de Covid.<\/p>\n\n\n\n<p>&#8220;Estamos a punto de quitar restricciones a lo que fueron los programas de Qu\u00e9date en Casa, ya el sector salud junto con otras tres secretar\u00edas, incluyendo la del Trabajo, el IMSS y otras del gobierno Federal, est\u00e1n por entrar a una etapa de nueva normalidad, donde van a bajar las restricciones&#8221;, se\u00f1al\u00f3.<\/p>\n\n\n\n<p>Dio a conocer que no se trata de algo in\u00e9dito en materia de Covid, pero resalt\u00f3 que los niveles de vacuna han sido suficientes.<\/p>\n\n\n\n<p>&#8220;Cuando yo digo que est\u00e1n con las manos libres y ya con vacuna mexicana, es para estar seguros de que cualquier escenario podr\u00edamos estar teniendo la vacuna&#8230; lo que se est\u00e1 discutiendo en el gobierno Federal, es sobre las restricciones en materia laboral&#8221;, coment\u00f3.<\/p>\n\n\n\n<p>&#8220;El IMSS va a cambiar los mecanismos de prestar las incapacidades, porque han sido muy d\u00factiles por la propia circunstancia, est\u00e1n analizando el tema de cubrebocas, del gel en la entrada de los trabajos, ya se est\u00e1n eliminando, entramos a una etapa de nueva normalidad&#8221;, agreg\u00f3.<\/p>\n\n\n\n<p>Por lo anterior coment\u00f3 que en las escuelas se podr\u00eda aplicar esta norma de eliminar el uso de cubrebocas y gel, ya que la vacuna es un elemento sustantivo para la prevenci\u00f3n en la salud.<\/p>\n\n\n\n<p>Finalmente dio a conocer que, &#8220;hablamos de una nueva normalidad, quitan restricciones porque la pol\u00edtica de la pandemia oblig\u00f3 a muchas formas de reaccionar socialmente. La sociedad actu\u00f3 muy bien de manera voluntaria y ahora est\u00e1n viendo que va a suceder con esta nueva normalidad&#8221;.<\/p>\n","protected":false},"excerpt":{"rendered":"<p>Dar\u00edo Pale Xalapa, Ver.- Est\u00e1n analizando eliminar las restricciones como el uso de cubrebocas y gel antibacterial en las entradas de los negocios y las escuelas, as\u00ed lo inform\u00f3 el delegado de los programas federales de la Secretar\u00eda del Bienestar, Manuel Huerta Ladr\u00f3n de Guevara. En entrevista durante la jornada de vacunaci\u00f3n dio a conocer [&hellip;]<\/p>\n","protected":false},"author":1,"featured_media":31855,"comment_status":"open","ping_status":"open","sticky":false,"template":"","format":"standard","meta":{"_jetpack_memberships_contains_paid_content":false,"footnotes":""},"categories":[9],"tags":[],"class_list":["post-31854","post","type-post","status-publish","format-standard","has-post-thumbnail","hentry","category-salud"],"jetpack_featured_media_url":"https:\/\/encuentroinformativo.com.mx\/wp-content\/uploads\/2022\/09\/B098B023-9E0E-42A8-9B44-93A580CB4E35.jpeg","jetpack_sharing_enabled":true,"jetpack_likes_enabled":true,"amp_enabled":true,"_links":{"self":[{"href":"https:\/\/encuentroinformativo.com.mx\/index.php?rest_route=\/wp\/v2\/posts\/31854","targetHints":{"allow":["GET"]}}],"collection":[{"href":"https:\/\/encuentroinformativo.com.mx\/index.php?rest_route=\/wp\/v2\/posts"}],"about":[{"href":"https:\/\/encuentroinformativo.com.mx\/index.php?rest_route=\/wp\/v2\/types\/post"}],"author":[{"embeddable":true,"href":"https:\/\/encuentroinformativo.com.mx\/index.php?rest_route=\/wp\/v2\/users\/1"}],"replies":[{"embeddable":true,"href":"https:\/\/encuentroinformativo.com.mx\/index.php?rest_route=%2Fwp%2Fv2%2Fcomments&post=31854"}],"version-history":[{"count":1,"href":"https:\/\/encuentroinformativo.com.mx\/index.php?rest_route=\/wp\/v2\/posts\/31854\/revisions"}],"predecessor-version":[{"id":31856,"href":"https:\/\/encuentroinformativo.com.mx\/index.php?rest_route=\/wp\/v2\/posts\/31854\/revisions\/31856"}],"wp:featuredmedia":[{"embeddable":true,"href":"https:\/\/encuentroinformativo.com.mx\/index.php?rest_route=\/wp\/v2\/media\/31855"}],"wp:attachment":[{"href":"https:\/\/encuentroinformativo.com.mx\/index.php?rest_route=%2Fwp%2Fv2%2Fmedia&parent=31854"}],"wp:term":[{"taxonomy":"category","embeddable":true,"href":"https:\/\/encuentroinformativo.com.mx\/index.php?rest_route=%2Fwp%2Fv2%2Fcategories&post=31854"},{"taxonomy":"post_tag","embeddable":true,"href":"https:\/\/encuentroinformativo.com.mx\/index.php?rest_route=%2Fwp%2Fv2%2Ftags&post=31854"}],"curies":[{"name":"wp","href":"https:\/\/api.w.org\/{rel}","templated":true}]}}