{"id":31861,"date":"2022-09-21T13:02:18","date_gmt":"2022-09-21T18:02:18","guid":{"rendered":"https:\/\/encuentroinformativo.com.mx\/?p=31861"},"modified":"2022-09-21T13:02:21","modified_gmt":"2022-09-21T18:02:21","slug":"existen-indicios-en-caso-de-maestra-asesinada-gobernador","status":"publish","type":"post","link":"https:\/\/encuentroinformativo.com.mx\/?p=31861","title":{"rendered":"Existen indicios en caso de maestra asesinada: Gobernador"},"content":{"rendered":"\n<p><strong>Dar\u00edo Pale <\/strong><\/p>\n\n\n\n<p>Xalapa, Ver.- Existen indicios para dar con los responsables del asesinato de la subdirectora de la escuela primaria, que fue privada de la vida est\u00e1 ma\u00f1ana al llegar a su centro de trabajo, as\u00ed lo inform\u00f3 el Gobernador del estado, Cuitl\u00e1huac Garc\u00eda Jim\u00e9nez.<\/p>\n\n\n\n<p>A trav\u00e9s de las redes sociales dio a conocer que se inici\u00f3 un operativo para dar con los responsables del homicidio de la docente.<\/p>\n\n\n\n<p>&#8220;Se har\u00e1 justicia como se ha venido haciendo con muchos casos donde hemos garantizado que no habr\u00e1 impunidad\u201d.<\/p>\n\n\n\n<p>Incluso se\u00f1al\u00f3 que existen, por lo que ya se trabaja de manera coordinada con la Fiscal\u00eda General del Estado para dar con los responsables.<\/p>\n\n\n\n<p>\u201cExisten indicios para dar con los responsables y coordinamos esfuerzos con la FGE a fin de concretar su identificaci\u00f3n y paradero para ser llevados ante la justicia\u201d.<\/p>\n\n\n\n<p>Por otro lado la Fiscal\u00eda General del Estado (FGE), dio a conocer que ya se inici\u00f3 una carpeta de investigaci\u00f3n por los hechos ocurridos en la colonia Aguacatal donde perdi\u00f3 la vida una mujer.<\/p>\n\n\n\n<p>Finalmente inform\u00f3 que los fiscales, polic\u00edas ministeriales y peritos ya realizan los trabajos de investigaci\u00f3n para conocer las causas y dar con los responsables.<\/p>\n","protected":false},"excerpt":{"rendered":"<p>Dar\u00edo Pale Xalapa, Ver.- Existen indicios para dar con los responsables del asesinato de la subdirectora de la escuela primaria, que fue privada de la vida est\u00e1 ma\u00f1ana al llegar a su centro de trabajo, as\u00ed lo inform\u00f3 el Gobernador del estado, Cuitl\u00e1huac Garc\u00eda Jim\u00e9nez. A trav\u00e9s de las redes sociales dio a conocer que [&hellip;]<\/p>\n","protected":false},"author":1,"featured_media":31862,"comment_status":"open","ping_status":"open","sticky":false,"template":"","format":"standard","meta":{"_jetpack_memberships_contains_paid_content":false,"footnotes":""},"categories":[3],"tags":[],"class_list":["post-31861","post","type-post","status-publish","format-standard","has-post-thumbnail","hentry","category-xalapa"],"jetpack_featured_media_url":"https:\/\/encuentroinformativo.com.mx\/wp-content\/uploads\/2022\/09\/53585ED2-D4A6-4868-92FA-2BDA2A94AE9E.jpeg","jetpack_sharing_enabled":true,"jetpack_likes_enabled":true,"amp_enabled":true,"_links":{"self":[{"href":"https:\/\/encuentroinformativo.com.mx\/index.php?rest_route=\/wp\/v2\/posts\/31861","targetHints":{"allow":["GET"]}}],"collection":[{"href":"https:\/\/encuentroinformativo.com.mx\/index.php?rest_route=\/wp\/v2\/posts"}],"about":[{"href":"https:\/\/encuentroinformativo.com.mx\/index.php?rest_route=\/wp\/v2\/types\/post"}],"author":[{"embeddable":true,"href":"https:\/\/encuentroinformativo.com.mx\/index.php?rest_route=\/wp\/v2\/users\/1"}],"replies":[{"embeddable":true,"href":"https:\/\/encuentroinformativo.com.mx\/index.php?rest_route=%2Fwp%2Fv2%2Fcomments&post=31861"}],"version-history":[{"count":1,"href":"https:\/\/encuentroinformativo.com.mx\/index.php?rest_route=\/wp\/v2\/posts\/31861\/revisions"}],"predecessor-version":[{"id":31863,"href":"https:\/\/encuentroinformativo.com.mx\/index.php?rest_route=\/wp\/v2\/posts\/31861\/revisions\/31863"}],"wp:featuredmedia":[{"embeddable":true,"href":"https:\/\/encuentroinformativo.com.mx\/index.php?rest_route=\/wp\/v2\/media\/31862"}],"wp:attachment":[{"href":"https:\/\/encuentroinformativo.com.mx\/index.php?rest_route=%2Fwp%2Fv2%2Fmedia&parent=31861"}],"wp:term":[{"taxonomy":"category","embeddable":true,"href":"https:\/\/encuentroinformativo.com.mx\/index.php?rest_route=%2Fwp%2Fv2%2Fcategories&post=31861"},{"taxonomy":"post_tag","embeddable":true,"href":"https:\/\/encuentroinformativo.com.mx\/index.php?rest_route=%2Fwp%2Fv2%2Ftags&post=31861"}],"curies":[{"name":"wp","href":"https:\/\/api.w.org\/{rel}","templated":true}]}}