{"id":3187,"date":"2020-06-08T16:42:57","date_gmt":"2020-06-08T21:42:57","guid":{"rendered":"https:\/\/encuentroinformativo.com\/?p=3187"},"modified":"2020-06-08T16:42:59","modified_gmt":"2020-06-08T21:42:59","slug":"insistira-senador-en-reclasificacion-de-tarifas-electricas","status":"publish","type":"post","link":"https:\/\/encuentroinformativo.com.mx\/?p=3187","title":{"rendered":"Insistir\u00e1 senador en reclasificaci\u00f3n de tarifas el\u00e9ctricas"},"content":{"rendered":"\n<p><strong>Dar\u00edo Pale <\/strong><\/p>\n\n\n\n<p>Xalapa, Ver.- Se deben de reclasificar las tarifas del consumo de energ\u00eda el\u00e9ctrica en Veracruz para que se homologuen con las que se cobran en Tabasco y Yucat\u00e1n y que son menores entre el 30 y 40 por ciento, as\u00ed lo se\u00f1al\u00f3 el senador Ricardo Ahued Bardahuil.<\/p>\n\n\n\n<p>En entrevista radiof\u00f3nica se\u00f1al\u00f3 que &#8220;esta reclasificaci\u00f3n tiene que ver que participe Conagua y revise precisamente las temperaturas regionales, m\u00e1xime que en Laguna Verde se produce casi el 6 por ciento de la energ\u00eda nacional\u201d.<\/p>\n\n\n\n<p>Aunque dicho planteamiento no ha hecho eco en el Senado de la Rep\u00fablica,\u00a0insisti\u00f3 \u00a0en que &#8220;hoy m\u00e1s que nunca se requiere ser solidarios con los veracruzanos por el tema de la pandemia y la parte econ\u00f3mica que tenemos y para ser competitivos a nivel comercial, pero tambi\u00e9n en el tema de las tarifas de los hogares que han subido considerablemente&#8221;.<\/p>\n\n\n\n<p>Lo anterior lo se\u00f1al\u00f3 ya que durante la actual temporada de confinamiento aumenta el consumo de energ\u00eda, por lo que el senador por Morena lament\u00f3 que las altas tarifas en la entidad dificulten competitividad de la industria.<\/p>\n\n\n\n<p>&#8220;Hace varios meses en el Senado recibimos a varios grupos que traen desde luego, la solicitud de la reclasificaci\u00f3n de las tarifas para que se homologue con los costos que tiene Tabasco, Yucat\u00e1n porque tiene similares caracter\u00edsticas en temas de temperatura&#8221;, finaliz\u00f3.<\/p>\n\n\n\n<p><\/p>\n","protected":false},"excerpt":{"rendered":"<p>Dar\u00edo Pale Xalapa, Ver.- Se deben de reclasificar las tarifas del consumo de energ\u00eda el\u00e9ctrica en Veracruz para que se homologuen con las que se cobran en Tabasco y Yucat\u00e1n y que son menores entre el 30 y 40 por ciento, as\u00ed lo se\u00f1al\u00f3 el senador Ricardo Ahued Bardahuil. En entrevista radiof\u00f3nica se\u00f1al\u00f3 que &#8220;esta [&hellip;]<\/p>\n","protected":false},"author":1,"featured_media":3188,"comment_status":"open","ping_status":"open","sticky":false,"template":"","format":"standard","meta":{"_jetpack_memberships_contains_paid_content":false,"footnotes":""},"categories":[2],"tags":[],"class_list":["post-3187","post","type-post","status-publish","format-standard","has-post-thumbnail","hentry","category-estado"],"jetpack_featured_media_url":"https:\/\/encuentroinformativo.com.mx\/wp-content\/uploads\/2020\/06\/23774786-E097-4E82-AD93-86512CD9A287.jpeg","jetpack_sharing_enabled":true,"jetpack_likes_enabled":true,"amp_enabled":true,"_links":{"self":[{"href":"https:\/\/encuentroinformativo.com.mx\/index.php?rest_route=\/wp\/v2\/posts\/3187","targetHints":{"allow":["GET"]}}],"collection":[{"href":"https:\/\/encuentroinformativo.com.mx\/index.php?rest_route=\/wp\/v2\/posts"}],"about":[{"href":"https:\/\/encuentroinformativo.com.mx\/index.php?rest_route=\/wp\/v2\/types\/post"}],"author":[{"embeddable":true,"href":"https:\/\/encuentroinformativo.com.mx\/index.php?rest_route=\/wp\/v2\/users\/1"}],"replies":[{"embeddable":true,"href":"https:\/\/encuentroinformativo.com.mx\/index.php?rest_route=%2Fwp%2Fv2%2Fcomments&post=3187"}],"version-history":[{"count":1,"href":"https:\/\/encuentroinformativo.com.mx\/index.php?rest_route=\/wp\/v2\/posts\/3187\/revisions"}],"predecessor-version":[{"id":3189,"href":"https:\/\/encuentroinformativo.com.mx\/index.php?rest_route=\/wp\/v2\/posts\/3187\/revisions\/3189"}],"wp:featuredmedia":[{"embeddable":true,"href":"https:\/\/encuentroinformativo.com.mx\/index.php?rest_route=\/wp\/v2\/media\/3188"}],"wp:attachment":[{"href":"https:\/\/encuentroinformativo.com.mx\/index.php?rest_route=%2Fwp%2Fv2%2Fmedia&parent=3187"}],"wp:term":[{"taxonomy":"category","embeddable":true,"href":"https:\/\/encuentroinformativo.com.mx\/index.php?rest_route=%2Fwp%2Fv2%2Fcategories&post=3187"},{"taxonomy":"post_tag","embeddable":true,"href":"https:\/\/encuentroinformativo.com.mx\/index.php?rest_route=%2Fwp%2Fv2%2Ftags&post=3187"}],"curies":[{"name":"wp","href":"https:\/\/api.w.org\/{rel}","templated":true}]}}