{"id":31888,"date":"2022-09-21T17:02:24","date_gmt":"2022-09-21T22:02:24","guid":{"rendered":"https:\/\/encuentroinformativo.com.mx\/?p=31888"},"modified":"2022-09-21T17:02:29","modified_gmt":"2022-09-21T22:02:29","slug":"confia-alcalde-en-autoridades-para-aclarar-asesinato-de-maestra","status":"publish","type":"post","link":"https:\/\/encuentroinformativo.com.mx\/?p=31888","title":{"rendered":"Conf\u00eda Alcalde en autoridades para aclarar asesinato de maestra"},"content":{"rendered":"\n<p><strong>Dar\u00edo Pale<\/strong><\/p>\n\n\n\n<p>Xalapa, Ver.- El presidente municipal de Xalapa dio a conocer que las autoridades dar\u00e1n con los responsables de los homicidas de la maestra de la escuela primaria \u00a0&#8220;Adolfo Ruiz Cortines&#8221; la ma\u00f1ana de este mi\u00e9rcoles, d\u00f3nde un menor result\u00f3 herido.<\/p>\n\n\n\n<p>En entrevista se\u00f1al\u00f3 que no se atreve a dar detalles de las investigaciones y no decir que se trat\u00f3 de un hecho aislado.<\/p>\n\n\n\n<p>&#8220;Siempre que dices que es un hecho aislado levantas escozor en la gente. Yo creo que es un hecho que existe, que se tiene que investigar, dar con los responsables y hacer justicia. Es lo que corresponde&#8221;, coment\u00f3.<\/p>\n\n\n\n<p>Ahued Bardahuil calific\u00f3 el hecho violento donde un menor result\u00f3 herido como &#8220;lamentabil\u00edsimo&#8221;.<\/p>\n\n\n\n<p>Precis\u00f3 que tras ocurrida la agresi\u00f3n la Secretar\u00eda de Seguridad P\u00fablica y de Seguridad Ciudadana tomaron conocimiento del hecho.<\/p>\n\n\n\n<p>&#8220;No adelantar\u00edamos cu\u00e1l fue el objeto de esta agresi\u00f3n para no decir antes de que se determine la investigaci\u00f3n, se est\u00e1 investigando est\u00e1 agresi\u00f3n lamentable aqu\u00ed en Xalapa. No estamos acostumbrados a este tipo de atentados&#8221;, se\u00f1al\u00f3.<\/p>\n\n\n\n<p>Cuestionado sobre la necesidad de reforzar la seguridad tras este suceso, el alcalde dijo que &#8220;siempre es bueno tener mayor contenci\u00f3n y vigilancia, nosotros estamos promoviendo para tener los recursos, el programa 20\/23, reforzar la inversi\u00f3n con m\u00e1s elementos\u201d.<\/p>\n","protected":false},"excerpt":{"rendered":"<p>Dar\u00edo Pale Xalapa, Ver.- El presidente municipal de Xalapa dio a conocer que las autoridades dar\u00e1n con los responsables de los homicidas de la maestra de la escuela primaria \u00a0&#8220;Adolfo Ruiz Cortines&#8221; la ma\u00f1ana de este mi\u00e9rcoles, d\u00f3nde un menor result\u00f3 herido. En entrevista se\u00f1al\u00f3 que no se atreve a dar detalles de las investigaciones [&hellip;]<\/p>\n","protected":false},"author":1,"featured_media":0,"comment_status":"open","ping_status":"open","sticky":false,"template":"","format":"standard","meta":{"_jetpack_memberships_contains_paid_content":false,"footnotes":""},"categories":[3],"tags":[],"class_list":["post-31888","post","type-post","status-publish","format-standard","hentry","category-xalapa"],"jetpack_featured_media_url":"","jetpack_sharing_enabled":true,"jetpack_likes_enabled":true,"amp_enabled":true,"_links":{"self":[{"href":"https:\/\/encuentroinformativo.com.mx\/index.php?rest_route=\/wp\/v2\/posts\/31888","targetHints":{"allow":["GET"]}}],"collection":[{"href":"https:\/\/encuentroinformativo.com.mx\/index.php?rest_route=\/wp\/v2\/posts"}],"about":[{"href":"https:\/\/encuentroinformativo.com.mx\/index.php?rest_route=\/wp\/v2\/types\/post"}],"author":[{"embeddable":true,"href":"https:\/\/encuentroinformativo.com.mx\/index.php?rest_route=\/wp\/v2\/users\/1"}],"replies":[{"embeddable":true,"href":"https:\/\/encuentroinformativo.com.mx\/index.php?rest_route=%2Fwp%2Fv2%2Fcomments&post=31888"}],"version-history":[{"count":1,"href":"https:\/\/encuentroinformativo.com.mx\/index.php?rest_route=\/wp\/v2\/posts\/31888\/revisions"}],"predecessor-version":[{"id":31890,"href":"https:\/\/encuentroinformativo.com.mx\/index.php?rest_route=\/wp\/v2\/posts\/31888\/revisions\/31890"}],"wp:attachment":[{"href":"https:\/\/encuentroinformativo.com.mx\/index.php?rest_route=%2Fwp%2Fv2%2Fmedia&parent=31888"}],"wp:term":[{"taxonomy":"category","embeddable":true,"href":"https:\/\/encuentroinformativo.com.mx\/index.php?rest_route=%2Fwp%2Fv2%2Fcategories&post=31888"},{"taxonomy":"post_tag","embeddable":true,"href":"https:\/\/encuentroinformativo.com.mx\/index.php?rest_route=%2Fwp%2Fv2%2Ftags&post=31888"}],"curies":[{"name":"wp","href":"https:\/\/api.w.org\/{rel}","templated":true}]}}