{"id":31905,"date":"2022-09-22T09:43:46","date_gmt":"2022-09-22T14:43:46","guid":{"rendered":"https:\/\/encuentroinformativo.com.mx\/?p=31905"},"modified":"2022-09-22T09:43:49","modified_gmt":"2022-09-22T14:43:49","slug":"y-el-aeropuerto-de-mina-para-cuando","status":"publish","type":"post","link":"https:\/\/encuentroinformativo.com.mx\/?p=31905","title":{"rendered":"\u00bfY EL AEROPUERTO DE MINA PARA CU\u00c1NDO?"},"content":{"rendered":"\n<p><strong>ColumnaSinNombre<br>@pablojair<\/strong><\/p>\n\n\n\n<ul class=\"wp-block-list\"><li>Panistas se quejan de la ausencia de Indira.<\/li><li>Lamentable asesinato de maestra en Xalapa.<\/li><li>Fidel Ordo\u00f1ez, con puro peso pesado.<\/li><li>Alcaldesa de Naranjal pide SOS.<\/li><li>Nueva m\u00fasica jarocha desde J\u00e1ltipan.<\/li><\/ul>\n\n\n\n<p>Se me hace que no va a pasar lo de la Guardia Nacional a Sedena<br>&#8211;Chopenjawer<\/p>\n\n\n\n<p>El martes se inauguraron de manera oficial los vuelos que saldr\u00e1n del nuevo aeropuerto &#8220;Felipe \u00c1ngeles&#8221; (AIFA) hacia territorio veracruzano.<\/p>\n\n\n\n<p>Pero varios paisanos, paisanas, &#8220;paisanes&#8221; sure\u00f1os se han preguntado: &#8220;\u00bfY para cu\u00e1ndo el de Minatitl\u00e1n?&#8221;\u2026<\/p>\n\n\n\n<p>Y s\u00ed, tienen raz\u00f3n: Minatitl\u00e1n s\u00f3lo tiene vuelos hacia y desde la Ciudad de M\u00e9xico, al aeropuerto &#8220;Benito Ju\u00e1rez&#8221;\u2026 y ya.<\/p>\n\n\n\n<p>Por eso no es mala idea que Minatitl\u00e1n se sume con rutas al AIFA (para ya no saturar el &#8220;Benito Ju\u00e1rez&#8221;), que pese a pocos vuelos, el administrador de la terminal a\u00e9rea, Victor Ballinas Moelas, revel\u00f3 en enero de este a\u00f1o que en 2021 (en plena pandemia) llegaron a cerrar el a\u00f1o con 100 mil pasajeros; en 2020, alcanz\u00f3 apenas cerca de 60 mil.<\/p>\n\n\n\n<p>O sea, no son n\u00fameros para desestimarse tan a la ligera, pues una regi\u00f3n petrolera y ganadera tiene un aeropuerto peque\u00f1o en el que viajan muchos.<\/p>\n\n\n\n<p>Y eso que solamente hay una aerol\u00ednea en Minatitl\u00e1n: Aerom\u00e9xico, la misma que este martes inaugur\u00f3 sus vuelos desde el AIFA.<\/p>\n\n\n\n<p>E insisto: ayudar\u00eda, creo, mucho a destrabar la saturaci\u00f3n del aeropuerto de la Ciudad de M\u00e9xico, que ya qued\u00f3 rebasado por la gran cantidad de vuelos y usuarios, adem\u00e1s de que est\u00e1 totalmente rodeado por la mancha urbana de la capital del pa\u00eds.<\/p>\n\n\n\n<p>Adem\u00e1s, estar\u00eda chido eso de cambiar de aires en otra pista, otra terminal; adem\u00e1s, ah\u00ed est\u00e1 el Museo del Mamut y as\u00ed.<\/p>\n\n\n\n<p>Mire, la neta por a\u00f1os muchos sure\u00f1os hemos a\u00f1orado tener otras rutas en el aeropuerto de Mina y no s\u00f3lo a la Ciudad de M\u00e9xico, pero supongo que para las aerol\u00edneas no ser\u00eda negocio. En alg\u00fan momento (si no mal recuerdo, en el sexenio de T\u00edo Fide) se hab\u00eda anunciado una aerol\u00ednea para vuelos de corto alcance con avionetas, teniendo incluso vuelos desde Xalapa a Minatitl\u00e1n, a Poza Rica, a Tampico o C\u00f3rdoba\u2026 pero fracas\u00f3.<\/p>\n\n\n\n<p>Y es que quien acapara el mercado de pasajeros es el mentado ADO, que recientemente tuvo una racha de accidentes graves, aunado al peligro que representan las carreteras en mal estado, el incremento de camiones de carga en esas v\u00edas, los asaltos, etc. Aparte los costos de boleto se han incrementado al grado de que por la comparaci\u00f3n tiempo-costo sale m\u00e1s rentable viajar en avi\u00f3n, como por ejemplo los que van de Veracruz a Canc\u00fan.<\/p>\n\n\n\n<p>Bueno, han encontrado hasta cargamentos de droga en los camiones del monopolio gracias a los perritos que trabajan para la Secretar\u00eda de Seguridad P\u00fablica, porque las centrales camioneras ya ni revisan nada, a diferencia de los aeropuertos.<\/p>\n\n\n\n<p>Ojal\u00e1 en una de esas Mina tambi\u00e9n tenga vuelos al AIFA, porque all\u00e1 en el &#8220;Benito Ju\u00e1rez&#8221; ya son cada vez m\u00e1s constantes las quejas de un aeropuerto atiborrado de gente.<\/p>\n\n\n\n<p><strong>NOTA PARA PEGAR EN EL REFRI: <\/strong>Que para muchos panistas veracruzanos result\u00f3 harto sospechosa la ausencia de la senadora Indira Rosales &#8211;muy cercana al ex gobernador Miguel \u00c1ngel Yunes Linares&#8211; en el debate que se llev\u00f3 a cabo este mi\u00e9rcoles con el asunto de pasar la Guardia Nacional al control de la Secretar\u00eda de la Defensa Nacional\u2026 Las especulaciones no se hicieron esperar, sobre todo cuando existe un rumor generalizado de que la familia Yunes ya pact\u00f3 con las altas esferas de Morena (supuestamente v\u00eda &#8220;El G\u00fcero&#8221; Velasco, el senador del Partido Verde, cercano a AMLO) para no hacer ruido en contra del presidente Andr\u00e9s Manuel L\u00f3pez Obrador, ni contra el gobernador Cuitl\u00e1huac Garc\u00eda y sus respectivas administraciones\u2026 Y la verdad que hasta el momento se han mantenido muy calladitos tanto el Pap\u00e1 &#8220;Cascarita&#8221;, como &#8220;Miguel Chiquito&#8221; y &#8220;Fernandito Perrier&#8221;; tanto, que no dijeron ni p\u00edo de la detenci\u00f3n de su abogado y exfiscal Jorge Winckler Ortiz el pasado 25 de julio\u2026 Ya se ver\u00e1 en los pr\u00f3ximos meses si este presunto pacto es verdad y sigue vigente conforme se acerca la elecci\u00f3n de 2024\u2026 La ausencia de Indira, \u00bfpodr\u00eda ser otra se\u00f1al de los Yunes de que no van a joder &#8211;al menos un ratito&#8211; a la Cuarta Transformeishion?; qui\u00e9n sabe, pero de que a muchos panistas no yunistas les hizo mucho ruido la ausencia de Indira, les hizo.<\/p>\n\n\n\n<p><strong>OTRA NOTA: <\/strong>Muy lamentable el asesinato de la maestra Elizabeth Meza Rivera esta ma\u00f1ana de mi\u00e9rcoles en Xalapa. A eso s\u00famese que en el sangriento acto result\u00f3 lesionado un menor de edad\u2026 Es verdaderamente terrible ver el video cuando un par de delincuentes, con toda impunidad, se pasean en motocicleta y a quemarropa disparan contra quien tambi\u00e9n era la subdirectora de la &#8220;Adolfo Ruiz Cortines&#8221;\u2026 Hasta anoche no se sab\u00eda nada de alguna detenci\u00f3n oficial, salvo una persona cuya familia denunci\u00f3 que la polic\u00eda estatal se meti\u00f3 a detenerlo sin presentar orden de un juez\u2026 Ojal\u00e1 se aclare pronto este triste caso que conmocion\u00f3 a Xalapa.<\/p>\n\n\n\n<p><strong>OTRA NOTA EXTRA: <\/strong>El reconocido abogado Fidel Ord\u00f3\u00f1ez, exsuprocurador de Justicia<br>de Veracruz, particip\u00f3 en el Seminario Internacional &#8220;Abuso y L\u00edmites del Poder Penal en Estados Democr\u00e1ticos de Derecho&#8221;, con sede en la Facultad de Derecho de la Universidad Nacional Aut\u00f3noma de M\u00e9xico., y hasta presumi\u00f3 foto con puro abogado peso pesado: Carlos Daza Zaragoza, Ignacio Morales Lechuga (exprocurador general de la Rep\u00fablica y exsecretario de Gobierno de Veracruz), Estuardo Berm\u00fadez Molina, Fernando G\u00f3mez Mont, Mois\u00e9s Moreno Hern\u00e1ndez, Luis Rodr\u00edguez Manzanera y Antonio Lozano Gracia (tambi\u00e9n exprocurador general de la Rep\u00fablica)\u2026 Enhorabuena, Lic.<\/p>\n\n\n\n<p><strong>UNA EXTRA M\u00c1S Y YA: <\/strong>&#8220;El gobernador siempre ha sido muy amable y respetuoso con nosotros, nos genera confianza y como ingeniero sabemos que prioriza la atenci\u00f3n oportuna de un posible desastre, por eso acudimos a \u00e9l directamente&#8221;, dijo la alcaldesa de Naranjal (al centro del estado, cerca de C\u00f3rdoba) Aleida Tepepa M\u00e1rquez\u2026 Lo anterior, ante la petici\u00f3n de la edil para incluir a su municipio en la declaratoria de emergencia para acceder a recursos y atender la infraestructura carretera, de caminos y abasto de agua potable afectada severamente por las lluvias recientes.<\/p>\n\n\n\n<p><strong>LA \u00daLTIMA PORQUE TRINCHE DISCO DURO NO SE DEJA: <\/strong>Este 23 de septiembre escucharemos en plataformas digitales y redes sociales la m\u00fasica de dos j\u00f3venes agrupaciones del sur de Veracruz que presentan, a trav\u00e9s de la empresa ONErpm, sus nuevas producciones para el mundo entero\u2026 Se tratan de Jarocho Barrio y Flor de Uvero, quienes son parte de un movimiento musical llamado &#8220;Jarocho Sound&#8221;, creado por el Centro de Documentaci\u00f3n del Son Jarocho (con sede en J\u00e1ltipan) y Los Cojolites\u2026 Los Jarocho Barrio nacen guiados por Mois\u00e9s Fuentes, en Chinameca (al sur de Veracruz, famosa por su carne roja), perteneciente a una de las familias emblem\u00e1ticas del son jarocho, proponiendo tanto presentar sones tradicionales como nuevas composiciones que nacen al amparo de esta m\u00fasica que tiene m\u00e1s de tres siglos de existir en esa zona\u2026 Por otro lado, se presenta al grupo Flor de Uvero, agrupaci\u00f3n de J\u00e1ltipan, liderada por el joven m\u00fasico No\u00e9 Gonz\u00e1lez Lara, descendiente de otra familia legendaria del son jarocho en esta regi\u00f3n, su abuelo No\u00e9 fue parte del primer y legendario grupo Tacoteno, junto a su t\u00edo, a Antonio Garc\u00eda de Le\u00f3n y a la leyenda llamada Arcadio Hidalgo. Su padre del mismo nombre es el director musical de Los Cojolites\u2026 Est\u00e9n pendientes.<\/p>\n","protected":false},"excerpt":{"rendered":"<p>ColumnaSinNombre@pablojair Panistas se quejan de la ausencia de Indira. Lamentable asesinato de maestra en Xalapa. Fidel Ordo\u00f1ez, con puro peso pesado. Alcaldesa de Naranjal pide SOS. Nueva m\u00fasica jarocha desde J\u00e1ltipan. Se me hace que no va a pasar lo de la Guardia Nacional a Sedena&#8211;Chopenjawer El martes se inauguraron de manera oficial los vuelos [&hellip;]<\/p>\n","protected":false},"author":1,"featured_media":488,"comment_status":"open","ping_status":"open","sticky":false,"template":"","format":"standard","meta":{"_jetpack_memberships_contains_paid_content":false,"footnotes":""},"categories":[11],"tags":[],"class_list":["post-31905","post","type-post","status-publish","format-standard","has-post-thumbnail","hentry","category-opinion"],"jetpack_featured_media_url":"https:\/\/encuentroinformativo.com.mx\/wp-content\/uploads\/2020\/03\/F471F608-BA1A-416B-BA7B-BCFB24F4E6D0.jpeg","jetpack_sharing_enabled":true,"jetpack_likes_enabled":true,"amp_enabled":true,"_links":{"self":[{"href":"https:\/\/encuentroinformativo.com.mx\/index.php?rest_route=\/wp\/v2\/posts\/31905","targetHints":{"allow":["GET"]}}],"collection":[{"href":"https:\/\/encuentroinformativo.com.mx\/index.php?rest_route=\/wp\/v2\/posts"}],"about":[{"href":"https:\/\/encuentroinformativo.com.mx\/index.php?rest_route=\/wp\/v2\/types\/post"}],"author":[{"embeddable":true,"href":"https:\/\/encuentroinformativo.com.mx\/index.php?rest_route=\/wp\/v2\/users\/1"}],"replies":[{"embeddable":true,"href":"https:\/\/encuentroinformativo.com.mx\/index.php?rest_route=%2Fwp%2Fv2%2Fcomments&post=31905"}],"version-history":[{"count":1,"href":"https:\/\/encuentroinformativo.com.mx\/index.php?rest_route=\/wp\/v2\/posts\/31905\/revisions"}],"predecessor-version":[{"id":31906,"href":"https:\/\/encuentroinformativo.com.mx\/index.php?rest_route=\/wp\/v2\/posts\/31905\/revisions\/31906"}],"wp:featuredmedia":[{"embeddable":true,"href":"https:\/\/encuentroinformativo.com.mx\/index.php?rest_route=\/wp\/v2\/media\/488"}],"wp:attachment":[{"href":"https:\/\/encuentroinformativo.com.mx\/index.php?rest_route=%2Fwp%2Fv2%2Fmedia&parent=31905"}],"wp:term":[{"taxonomy":"category","embeddable":true,"href":"https:\/\/encuentroinformativo.com.mx\/index.php?rest_route=%2Fwp%2Fv2%2Fcategories&post=31905"},{"taxonomy":"post_tag","embeddable":true,"href":"https:\/\/encuentroinformativo.com.mx\/index.php?rest_route=%2Fwp%2Fv2%2Ftags&post=31905"}],"curies":[{"name":"wp","href":"https:\/\/api.w.org\/{rel}","templated":true}]}}