{"id":31925,"date":"2022-09-22T13:53:08","date_gmt":"2022-09-22T18:53:08","guid":{"rendered":"https:\/\/encuentroinformativo.com.mx\/?p=31925"},"modified":"2022-09-22T13:53:11","modified_gmt":"2022-09-22T18:53:11","slug":"ganaderos-de-veracruz-denuncian-a-inifap-ante-fgr-senalan-incumplio-convenio","status":"publish","type":"post","link":"https:\/\/encuentroinformativo.com.mx\/?p=31925","title":{"rendered":"Ganaderos de Veracruz denuncian a INIFAP ante FGR, se\u00f1alan incumpli\u00f3 convenio"},"content":{"rendered":"\n<p><strong>Alejandro \u00c1vila<\/strong><\/p>\n\n\n\n<p>Veracruz, Ver.- Ante la Fiscal\u00eda General de la Rep\u00fablica (FGR) fue denunciado el Instituto Nacional de Investigaciones Forestales, Agr\u00edcolas y Pecuarias (INIFAP), por parte de ganaderos de la entidad veracruzana, por los delitos de uso il\u00edcito de atribuciones y facultades, coalici\u00f3n y abuso de autoridad.<\/p>\n\n\n\n<p>El abogado, Gabriel Andr\u00e9s Campolini detall\u00f3 en rueda de prensa que, la dependencia federal incumpli\u00f3 un convenio de colaboraci\u00f3n que ten\u00eda con los ganaderos veracruzanos, para que estos pudieran utilizar un predio en el kil\u00f3metro 22.5, ubicado en la localidad de Paso del Toro del municipio de Medell\u00edn de Bravo, y que se encuentra a un costado de la carretera Veracruz &#8211; C\u00f3rdoba.<\/p>\n\n\n\n<p>Este predio es utilizado por los empresarios para la crianza de b\u00fafalo, y en el cual se invirtieron 3 millones de pesos.<\/p>\n\n\n\n<p>&#8220;Utilizando su autoridad como funcionarios p\u00fablicos, dejaron sin efecto un convenio firmado (\u2026) en este momento estamos hablando de 3 millones de pesos&#8221;, subray\u00f3.<\/p>\n\n\n\n<p>Los quejosos se\u00f1alaron que, el predio se encontraba en total abandono, y ellos invirtieron para edificar una \u00e1rea de trabajo adecuada con todo el equipamiento correcto.<\/p>\n\n\n\n<p>A los delitos, dijo, se le podr\u00eda sumar el de maltrato animal, ya que se compraron 130 espec\u00edmenes, los cuales ahora se encuentran en riesgo de morir, pues no tienen las condiciones adecuadas de vida.<\/p>\n\n\n\n<p>&#8220;En caso de que resulte culpable el INIFAP, en principio, las multas las tendr\u00edan que pagar los funcionarios, pero en caso de que resulte culpable el INIFAP, pues tendr\u00eda que pagar todos los da\u00f1os y perjuicios qu\u00e9 les est\u00e1 causando los se\u00f1ores, si se pierden los animales, ser\u00e1 el valor de los animales, m\u00e1s lo que ya se invirti\u00f3 en todas las instalaciones&#8221;, remat\u00f3<\/p>\n","protected":false},"excerpt":{"rendered":"<p>Alejandro \u00c1vila Veracruz, Ver.- Ante la Fiscal\u00eda General de la Rep\u00fablica (FGR) fue denunciado el Instituto Nacional de Investigaciones Forestales, Agr\u00edcolas y Pecuarias (INIFAP), por parte de ganaderos de la entidad veracruzana, por los delitos de uso il\u00edcito de atribuciones y facultades, coalici\u00f3n y abuso de autoridad. El abogado, Gabriel Andr\u00e9s Campolini detall\u00f3 en rueda [&hellip;]<\/p>\n","protected":false},"author":1,"featured_media":31926,"comment_status":"open","ping_status":"open","sticky":false,"template":"","format":"standard","meta":{"_jetpack_memberships_contains_paid_content":false,"footnotes":""},"categories":[2],"tags":[],"class_list":["post-31925","post","type-post","status-publish","format-standard","has-post-thumbnail","hentry","category-estado"],"jetpack_featured_media_url":"https:\/\/encuentroinformativo.com.mx\/wp-content\/uploads\/2022\/09\/C357DF11-A7D6-4936-8625-5E22542EDB0F.jpeg","jetpack_sharing_enabled":true,"jetpack_likes_enabled":true,"amp_enabled":true,"_links":{"self":[{"href":"https:\/\/encuentroinformativo.com.mx\/index.php?rest_route=\/wp\/v2\/posts\/31925","targetHints":{"allow":["GET"]}}],"collection":[{"href":"https:\/\/encuentroinformativo.com.mx\/index.php?rest_route=\/wp\/v2\/posts"}],"about":[{"href":"https:\/\/encuentroinformativo.com.mx\/index.php?rest_route=\/wp\/v2\/types\/post"}],"author":[{"embeddable":true,"href":"https:\/\/encuentroinformativo.com.mx\/index.php?rest_route=\/wp\/v2\/users\/1"}],"replies":[{"embeddable":true,"href":"https:\/\/encuentroinformativo.com.mx\/index.php?rest_route=%2Fwp%2Fv2%2Fcomments&post=31925"}],"version-history":[{"count":1,"href":"https:\/\/encuentroinformativo.com.mx\/index.php?rest_route=\/wp\/v2\/posts\/31925\/revisions"}],"predecessor-version":[{"id":31927,"href":"https:\/\/encuentroinformativo.com.mx\/index.php?rest_route=\/wp\/v2\/posts\/31925\/revisions\/31927"}],"wp:featuredmedia":[{"embeddable":true,"href":"https:\/\/encuentroinformativo.com.mx\/index.php?rest_route=\/wp\/v2\/media\/31926"}],"wp:attachment":[{"href":"https:\/\/encuentroinformativo.com.mx\/index.php?rest_route=%2Fwp%2Fv2%2Fmedia&parent=31925"}],"wp:term":[{"taxonomy":"category","embeddable":true,"href":"https:\/\/encuentroinformativo.com.mx\/index.php?rest_route=%2Fwp%2Fv2%2Fcategories&post=31925"},{"taxonomy":"post_tag","embeddable":true,"href":"https:\/\/encuentroinformativo.com.mx\/index.php?rest_route=%2Fwp%2Fv2%2Ftags&post=31925"}],"curies":[{"name":"wp","href":"https:\/\/api.w.org\/{rel}","templated":true}]}}