{"id":31928,"date":"2022-09-22T14:06:54","date_gmt":"2022-09-22T19:06:54","guid":{"rendered":"https:\/\/encuentroinformativo.com.mx\/?p=31928"},"modified":"2022-09-22T14:06:58","modified_gmt":"2022-09-22T19:06:58","slug":"se-fortalece-linea-de-investigacion-en-caso-de-maestra-asesinada-gobernador","status":"publish","type":"post","link":"https:\/\/encuentroinformativo.com.mx\/?p=31928","title":{"rendered":"Se fortalece l\u00ednea de investigaci\u00f3n en caso de maestra asesinada: Gobernador"},"content":{"rendered":"\n<p><strong>Dar\u00edo Pale <\/strong><\/p>\n\n\n\n<p>Xalapa, Ver.- Hay avances en el asesinato de la maestra Elizabeth Meza Rivera de la escuela &#8220;Adolfo Ru\u00edz Cortines&#8221;, se indagan a los presuntos responsables, no se busca un chivo expiatorio para dar resultados r\u00e1pidos en el caso, as\u00ed lo inform\u00f3 el gobernador del estado, Cuitl\u00e1huac Garc\u00eda Jim\u00e9nez.<\/p>\n\n\n\n<p>En conferencia de prensa se\u00f1al\u00f3 que, &#8220;la Fiscal\u00eda dice que se fortalece la l\u00ednea de investigaci\u00f3n que es s\u00f3lo una y como avancen las investigaciones podr\u00eda abrirse otra, pero se sigue fortaleciendo solo una, se est\u00e1 indagando sobre los presuntos responsables\u201d.<\/p>\n\n\n\n<p>Explic\u00f3 que la Fiscal\u00eda General del Estado entreg\u00f3 una ruta para inferir sobre cu\u00e1l fue el m\u00f3vil del asesinato y con ello responder a las responsabilidades no s\u00f3lo de autor\u00eda material sino tambi\u00e9n autor\u00eda, &#8220;vamos a esperar pronta justicia al respecto\u201d.<\/p>\n\n\n\n<p>En lo que respecta al menor de edad que result\u00f3 herido, dijo que se encuentra fuera de peligro, sin embargo se mantiene resguardado.<\/p>\n\n\n\n<p>\u201cEl menor fue atendido, por fortuna fue una lesi\u00f3n que no es de gravedad, queda resguardado, vamos a confiar en como lo hemos hecho con la Fiscal\u00eda, porque ha venido resolviendo y procurando justicia\u201d, coment\u00f3.<\/p>\n\n\n\n<p>Asegur\u00f3 que conf\u00eda en el trabajo de la Fiscal General del Estado, puesto que ha trabajado apegado a derecho y entregando buenos resultados, como en el caso del feminicidio de \u201cTo\u00f1ita\u201d en Veracruz.<\/p>\n\n\n\n<p>Dio a conocer en ese tema que, &#8220;hoy fue vinculado a proceso Juan N presunto responsable del Feminicidio de la se\u00f1ora To\u00f1ita en el Puerto de Veracruz. \u201cConfiamos en la fiscal\u00eda y hoy la fiscal\u00eda anuncia que logr\u00f3 su vinculaci\u00f3n con justicia\u201d.<\/p>\n\n\n\n<p>Explic\u00f3 que derivado del asesinato de la docente se inici\u00f3 un operativo de b\u00fasqueda de los presuntos responsables y ah\u00ed se detectaron diversas faltas administrativas, pero para esas no se requiere de orden de aprehensi\u00f3n.<\/p>\n\n\n\n<p>&#8220;Se libera al poco tiempo, el joven fue ayer liberado y otros tambi\u00e9n por faltas administrativas&#8221;, indic\u00f3.<\/p>\n\n\n\n<p>El Ejecutivo dijo que el que nada debe nada teme, de manera que cuando alguien es detenido por alguna acci\u00f3n indebida, la Fiscal\u00eda debe hacer el deslinde por el delito correspondiente o en su caso liberarlo.<br>Hay que referir que este mismo mi\u00e9rcoles elementos de Seguridad P\u00fablica detuvieron a un motociclista, supuestamente para presentarlo ante la Fiscal\u00eda General del Estado por estar relacionado con el crimen de la maestra.<\/p>\n\n\n\n<p>Luego se dijo que hab\u00eda sido detenido por una falta administrativa y por eso fue trasladado al cuartel de San Jos\u00e9, donde cumplir\u00eda un arresto.<\/p>\n\n\n\n<p>Finalmente los familiares del se\u00f1alado trataron de evitar que se lo llevaran tras sostener que ten\u00edan pruebas de que permaneci\u00f3 durante toda la ma\u00f1ana \u00a0parte de la tarde en su casa.<\/p>\n","protected":false},"excerpt":{"rendered":"<p>Dar\u00edo Pale Xalapa, Ver.- Hay avances en el asesinato de la maestra Elizabeth Meza Rivera de la escuela &#8220;Adolfo Ru\u00edz Cortines&#8221;, se indagan a los presuntos responsables, no se busca un chivo expiatorio para dar resultados r\u00e1pidos en el caso, as\u00ed lo inform\u00f3 el gobernador del estado, Cuitl\u00e1huac Garc\u00eda Jim\u00e9nez. En conferencia de prensa se\u00f1al\u00f3 [&hellip;]<\/p>\n","protected":false},"author":1,"featured_media":31929,"comment_status":"open","ping_status":"open","sticky":false,"template":"","format":"standard","meta":{"_jetpack_memberships_contains_paid_content":false,"footnotes":""},"categories":[2],"tags":[],"class_list":["post-31928","post","type-post","status-publish","format-standard","has-post-thumbnail","hentry","category-estado"],"jetpack_featured_media_url":"https:\/\/encuentroinformativo.com.mx\/wp-content\/uploads\/2022\/09\/ACB0F03A-CF13-45AC-BD29-C2ABF6EF6F5F.jpeg","jetpack_sharing_enabled":true,"jetpack_likes_enabled":true,"amp_enabled":true,"_links":{"self":[{"href":"https:\/\/encuentroinformativo.com.mx\/index.php?rest_route=\/wp\/v2\/posts\/31928","targetHints":{"allow":["GET"]}}],"collection":[{"href":"https:\/\/encuentroinformativo.com.mx\/index.php?rest_route=\/wp\/v2\/posts"}],"about":[{"href":"https:\/\/encuentroinformativo.com.mx\/index.php?rest_route=\/wp\/v2\/types\/post"}],"author":[{"embeddable":true,"href":"https:\/\/encuentroinformativo.com.mx\/index.php?rest_route=\/wp\/v2\/users\/1"}],"replies":[{"embeddable":true,"href":"https:\/\/encuentroinformativo.com.mx\/index.php?rest_route=%2Fwp%2Fv2%2Fcomments&post=31928"}],"version-history":[{"count":1,"href":"https:\/\/encuentroinformativo.com.mx\/index.php?rest_route=\/wp\/v2\/posts\/31928\/revisions"}],"predecessor-version":[{"id":31930,"href":"https:\/\/encuentroinformativo.com.mx\/index.php?rest_route=\/wp\/v2\/posts\/31928\/revisions\/31930"}],"wp:featuredmedia":[{"embeddable":true,"href":"https:\/\/encuentroinformativo.com.mx\/index.php?rest_route=\/wp\/v2\/media\/31929"}],"wp:attachment":[{"href":"https:\/\/encuentroinformativo.com.mx\/index.php?rest_route=%2Fwp%2Fv2%2Fmedia&parent=31928"}],"wp:term":[{"taxonomy":"category","embeddable":true,"href":"https:\/\/encuentroinformativo.com.mx\/index.php?rest_route=%2Fwp%2Fv2%2Fcategories&post=31928"},{"taxonomy":"post_tag","embeddable":true,"href":"https:\/\/encuentroinformativo.com.mx\/index.php?rest_route=%2Fwp%2Fv2%2Ftags&post=31928"}],"curies":[{"name":"wp","href":"https:\/\/api.w.org\/{rel}","templated":true}]}}