{"id":31938,"date":"2022-09-22T17:40:36","date_gmt":"2022-09-22T22:40:36","guid":{"rendered":"https:\/\/encuentroinformativo.com.mx\/?p=31938"},"modified":"2022-09-22T17:40:40","modified_gmt":"2022-09-22T22:40:40","slug":"se-definira-proyecto-integral-para-zona-de-bolivia-ahued","status":"publish","type":"post","link":"https:\/\/encuentroinformativo.com.mx\/?p=31938","title":{"rendered":"Se definir\u00e1 proyecto integral para zona de Bolivia: Ahued"},"content":{"rendered":"\n<p>Xalapa, Ver.- Las malas condiciones del drenaje sanitario en las colonias Libertad y Ampliaci\u00f3n Libertad obedecen a un abandono de m\u00e1s de 20 a\u00f1os que la actual Administraci\u00f3n tiene el compromiso y la convicci\u00f3n de resolver, afirm\u00f3 el presidente municipal Ricardo Ahued Bardahuil ante las y los vecinos que manten\u00edan un bloqueo en la avenida Bolivia.<\/p>\n\n\n\n<p>Acompa\u00f1ado por las regidoras y regidores Helen Sarmiento Ja\u00e9n, Martha Valentina Dom\u00ednguez V\u00e1squez y Daniel Fern\u00e1ndez Carri\u00f3n, el Edil acord\u00f3 atender de manera individual cada necesidad de los colonos para dar soluciones puntuales.<\/p>\n\n\n\n<p>Ante el director de Participaci\u00f3n Ciudadana, Juan Mar\u00edn Viveros y el encargado de la Direcci\u00f3n de Operaci\u00f3n de la Comisi\u00f3n Municipal de Agua Potable y Saneamiento de Xalapa (CMAS), Gerardo Mart\u00ednez R\u00edos, dijo que se realizar\u00e1 una evaluaci\u00f3n, con el fin de definir un proyecto integral real y viable a ejecutarse en 2023, mismo que deber\u00e1 contemplar la soluci\u00f3n para todas y todos los vecinos.<\/p>\n\n\n\n<p>Reiter\u00f3 que el Gobierno Municipal mantiene una pol\u00edtica de puertas abiertas y comunicaci\u00f3n directa con la ciudadan\u00eda, que \u00fanicamente tiene que acercarse al Palacio Municipal para ser escuchada y atendida.<\/p>\n","protected":false},"excerpt":{"rendered":"<p>Xalapa, Ver.- Las malas condiciones del drenaje sanitario en las colonias Libertad y Ampliaci\u00f3n Libertad obedecen a un abandono de m\u00e1s de 20 a\u00f1os que la actual Administraci\u00f3n tiene el compromiso y la convicci\u00f3n de resolver, afirm\u00f3 el presidente municipal Ricardo Ahued Bardahuil ante las y los vecinos que manten\u00edan un bloqueo en la avenida [&hellip;]<\/p>\n","protected":false},"author":1,"featured_media":31939,"comment_status":"open","ping_status":"open","sticky":false,"template":"","format":"standard","meta":{"_jetpack_memberships_contains_paid_content":false,"footnotes":""},"categories":[3],"tags":[],"class_list":["post-31938","post","type-post","status-publish","format-standard","has-post-thumbnail","hentry","category-xalapa"],"jetpack_featured_media_url":"https:\/\/encuentroinformativo.com.mx\/wp-content\/uploads\/2022\/09\/2189FAC4-4BD9-4C87-9DDC-57009B9A851D.jpeg","jetpack_sharing_enabled":true,"jetpack_likes_enabled":true,"amp_enabled":true,"_links":{"self":[{"href":"https:\/\/encuentroinformativo.com.mx\/index.php?rest_route=\/wp\/v2\/posts\/31938","targetHints":{"allow":["GET"]}}],"collection":[{"href":"https:\/\/encuentroinformativo.com.mx\/index.php?rest_route=\/wp\/v2\/posts"}],"about":[{"href":"https:\/\/encuentroinformativo.com.mx\/index.php?rest_route=\/wp\/v2\/types\/post"}],"author":[{"embeddable":true,"href":"https:\/\/encuentroinformativo.com.mx\/index.php?rest_route=\/wp\/v2\/users\/1"}],"replies":[{"embeddable":true,"href":"https:\/\/encuentroinformativo.com.mx\/index.php?rest_route=%2Fwp%2Fv2%2Fcomments&post=31938"}],"version-history":[{"count":1,"href":"https:\/\/encuentroinformativo.com.mx\/index.php?rest_route=\/wp\/v2\/posts\/31938\/revisions"}],"predecessor-version":[{"id":31940,"href":"https:\/\/encuentroinformativo.com.mx\/index.php?rest_route=\/wp\/v2\/posts\/31938\/revisions\/31940"}],"wp:featuredmedia":[{"embeddable":true,"href":"https:\/\/encuentroinformativo.com.mx\/index.php?rest_route=\/wp\/v2\/media\/31939"}],"wp:attachment":[{"href":"https:\/\/encuentroinformativo.com.mx\/index.php?rest_route=%2Fwp%2Fv2%2Fmedia&parent=31938"}],"wp:term":[{"taxonomy":"category","embeddable":true,"href":"https:\/\/encuentroinformativo.com.mx\/index.php?rest_route=%2Fwp%2Fv2%2Fcategories&post=31938"},{"taxonomy":"post_tag","embeddable":true,"href":"https:\/\/encuentroinformativo.com.mx\/index.php?rest_route=%2Fwp%2Fv2%2Ftags&post=31938"}],"curies":[{"name":"wp","href":"https:\/\/api.w.org\/{rel}","templated":true}]}}